{"id":77958,"date":"2024-04-26T10:44:23","date_gmt":"2024-04-26T07:44:23","guid":{"rendered":"https:\/\/infois.ro\/?p=77958"},"modified":"2024-04-26T10:44:23","modified_gmt":"2024-04-26T07:44:23","slug":"vino-sa-savurezi-cele-mai-alese-sortimente-de-cafea-la-coffee-summit-primul-eveniment-de-profil-organizat-la-iasi-in-palas-campus","status":"publish","type":"post","link":"https:\/\/infois.ro\/?p=77958","title":{"rendered":"Vino s\u0103 savurezi cele mai alese sortimente de cafea, la Coffee Summit, primul eveniment de profil organizat la Ia\u0219i, \u00een Palas Campus"},"content":{"rendered":"<p><img loading=\"lazy\" decoding=\"async\" class=\"size-medium wp-image-77959 alignleft\" src=\"http:\/\/infois.ro\/wp-content\/uploads\/2024\/04\/Palas-Campus-1-390x204.jpg\" alt=\"\" width=\"390\" height=\"204\" srcset=\"https:\/\/infois.ro\/wp-content\/uploads\/2024\/04\/Palas-Campus-1-390x204.jpg 390w, https:\/\/infois.ro\/wp-content\/uploads\/2024\/04\/Palas-Campus-1.jpg 640w\" sizes=\"(max-width: 390px) 100vw, 390px\" \/><\/p>\n<p class=\"yiv3282712578MsoNormal\" style=\"text-align: justify;\"><b><i>Iubitorii de cafea de specialitate au parte, \u00een acest weekend, de un eveniment pe gustul lor, \u00een Palas Campus. Coffee Summit reune\u0219te, \u00een premier\u0103 la Ia\u0219i, \u00een acela\u0219i loc, mai multe cafenele, care vor prezenta produse spre degustare \u0219i spre v\u00e2nzare. \u00cen cadrul evenimentului va avea loc \u0219i Competi\u021bia Regional\u0103 de Aeropress, la care se pot \u00eenscrie barista din toat\u0103 regiunea Moldovei. Vino \u00een Palas Campus la Coffee Summit, un eveniment de specialitate!<\/i><\/b><b><i><\/i><\/b><\/p>\n<p class=\"yiv3282712578MsoNormal\" style=\"text-align: justify;\">\n<p class=\"yiv3282712578MsoNormal\" style=\"text-align: justify;\"><b>Vineri<\/b>\u00a0\u0219i\u00a0<b>s\u00e2mb\u0103t\u0103<\/b>,\u00a0<b>26 \u2013 27 aprilie 2024<\/b>, \u00een lobby-ul principal al Palas Campus, de pe strada Sf. Andrei, va\u00a0<b>avea loc Coffee Summit<\/b>, primul eveniment care reune\u0219te, \u00een acela\u0219i loc, mai multe cafenele din Ia\u0219i<b>. Teo\u2019s Cafe<\/b>,\u00a0<b>Navar Coffee<\/b>,\u00a0<b>Capuchin Coffee Roasters<\/b>,\u00a0<b>Jassyro<\/b>,\u00a0<b>Frateria<\/b>,\u00a0<b>Centrul de Afaceri Expert Mind<\/b>,\u00a0<b>NoiNoi<\/b>,\u00a0<b>Olympus Carpos<\/b>\u00a0vor prezenta tipul de cafea pe care \u00eel folosesc \u0219i vor \u00eemp\u0103rt\u0103\u0219i cu publicul curios metodele de preparare clasice, c\u00e2t \u0219i cele mai noi tehnici alternative.<\/p>\n<p class=\"yiv3282712578MsoNormal\" style=\"text-align: justify;\">\n<p class=\"yiv3282712578MsoNormal\" style=\"text-align: justify;\">Pe parcursul celor dou\u0103 zile, \u00een cadrul Coffee Summit\u00a0<b>vor avea loc mai multe evenimente<\/b>, precum:\u00a0<b>un t\u00e2rg de vinyluri (de la ora 09.00 p\u00e2n\u0103 la ora 16.00)<\/b>,\u00a0<b>conferin\u021be de specialitate<\/b>, dar \u0219i\u00a0<b>degust\u0103ri \u0219i alte surprize<\/b>. Mai multe detalii pute\u021bi afla pe pagina de\u00a0<a href=\"https:\/\/www.facebook.com\/events\/900142168462160\" target=\"_blank\" rel=\"nofollow noopener noreferrer\">Facebook dedicat\u0103 evenimentului<\/a>.<\/p>\n<p class=\"yiv3282712578MsoNormal\" style=\"text-align: justify;\">\n<p class=\"yiv3282712578MsoNormal\" style=\"text-align: justify;\"><b>S\u00e2mb\u0103t\u0103<\/b>,\u00a0<b>\u00eencep\u00e2nd cu ora 11.00,<\/b>\u00a0va avea loc\u00a0<b>Competi\u021bia Regional\u0103 de Aeropress<\/b>, unde mai mul\u021bi barista vor demonstra c\u00e2t de bine st\u0103p\u00e2nesc tehnicile de preparare\u00a0 a cafelei de specialitate. C\u00e2\u0219tig\u0103torul va reprezenta\u00a0 regiunea la Competi\u021bia Na\u021bional\u0103 de Aeropress din cadrul Slow Coffee Festival, av\u00e2nd \u0219ansa s\u0103 reprezinte Rom\u00e2nia la Competi\u021bia Mondial\u0103 de Aeropress, dac\u0103 trece de etapa na\u021bional\u0103.<\/p>\n<p class=\"yiv3282712578MsoNormal\" style=\"text-align: justify;\">\n<p class=\"yiv3282712578MsoNormal\" style=\"text-align: justify;\">Vino \u00een acest weekend la Palas Campus, bucur\u0103-te de cafeaua de specialitate \u0219i de Coffee Summit!<\/p>\n<p class=\"yiv3282712578MsoNormal\" style=\"text-align: justify;\">\n","protected":false},"excerpt":{"rendered":"<p>Iubitorii de cafea de specialitate au parte, \u00een acest weekend, de un eveniment pe gustul&#8230; <a class=\"meta-more\" href=\"https:\/\/infois.ro\/?p=77958\">more <span class=\"meta-nav\">&raquo;<\/span><\/a><\/p>\n","protected":false},"author":2,"featured_media":77959,"comment_status":"closed","ping_status":"closed","sticky":false,"template":"","format":"standard","meta":{"footnotes":""},"categories":[41,60],"tags":[74,17545,1585,17544,40,13512],"aioseo_notices":[],"_links":{"self":[{"href":"https:\/\/infois.ro\/index.php?rest_route=\/wp\/v2\/posts\/77958"}],"collection":[{"href":"https:\/\/infois.ro\/index.php?rest_route=\/wp\/v2\/posts"}],"about":[{"href":"https:\/\/infois.ro\/index.php?rest_route=\/wp\/v2\/types\/post"}],"author":[{"embeddable":true,"href":"https:\/\/infois.ro\/index.php?rest_route=\/wp\/v2\/users\/2"}],"replies":[{"embeddable":true,"href":"https:\/\/infois.ro\/index.php?rest_route=%2Fwp%2Fv2%2Fcomments&post=77958"}],"version-history":[{"count":1,"href":"https:\/\/infois.ro\/index.php?rest_route=\/wp\/v2\/posts\/77958\/revisions"}],"predecessor-version":[{"id":77960,"href":"https:\/\/infois.ro\/index.php?rest_route=\/wp\/v2\/posts\/77958\/revisions\/77960"}],"wp:featuredmedia":[{"embeddable":true,"href":"https:\/\/infois.ro\/index.php?rest_route=\/wp\/v2\/media\/77959"}],"wp:attachment":[{"href":"https:\/\/infois.ro\/index.php?rest_route=%2Fwp%2Fv2%2Fmedia&parent=77958"}],"wp:term":[{"taxonomy":"category","embeddable":true,"href":"https:\/\/infois.ro\/index.php?rest_route=%2Fwp%2Fv2%2Fcategories&post=77958"},{"taxonomy":"post_tag","embeddable":true,"href":"https:\/\/infois.ro\/index.php?rest_route=%2Fwp%2Fv2%2Ftags&post=77958"}],"curies":[{"name":"wp","href":"https:\/\/api.w.org\/{rel}","templated":true}]}}