{"id":7801,"date":"2013-10-20T18:25:58","date_gmt":"2013-10-20T15:25:58","guid":{"rendered":"http:\/\/infois.ro\/?p=7801"},"modified":"2013-10-20T18:25:58","modified_gmt":"2013-10-20T15:25:58","slug":"primaria-scoate-la-licitatie-128-de-locuri-de-parcare-de-resedinta","status":"publish","type":"post","link":"https:\/\/infois.ro\/?p=7801","title":{"rendered":"Prim\u0103ria scoate la licita\u021bie 128 de locuri de parcare de re\u0219edin\u021b\u0103"},"content":{"rendered":"<p><a class=\"highslide\" onclick=\"return vz.expand(this)\" href=\"http:\/\/infois.ro\/wp-content\/uploads\/2013\/10\/parcare-de-resedinta.jpg\"><img loading=\"lazy\" decoding=\"async\" class=\"alignleft size-large wp-image-7802\" title=\"parcare de resedinta\" src=\"http:\/\/infois.ro\/wp-content\/uploads\/cache\/2013\/10\/parcare-de-resedinta\/538590596.jpg\" alt=\"\" width=\"640\" height=\"360\" \/><\/a><\/p>\n<p>P\u00e2n\u0103 la sf\u00e2r\u015fitul lunii octombrie, Direc\u0163ia de Administrare a Patrimoniului Public \u015fi Privat (DAPPP) a Prim\u0103rei inten\u021bioneaz\u0103 s\u0103 \u00eenchirieze c\u0103tre locatari un num\u0103r de 128 locuri de parcare de re\u015fedin\u0163\u0103. Dup\u0103 cum au afirmat reprezentan\u021bii municipalit\u0103\u021bii, licita\u0163iile vor avea loc pentru locurile de parcare disponibile din cartierele Alexandru cel Bun, Dacia, Bularga \u015fi P\u0103curari. Seria procedurilor de licita\u0163ie vor \u00eencepe luni, 21 octombrie, c\u00e2nd vor putea fi \u00eenchiriate \u0219ase locuri de parcare \u00een str. Mu\u015fatini nr. 49, aferente blocurior V3, Q3, U2 \u015fi P1. Una din cele mai importante licita\u0163ii va avea loc miercuri, 23 octombrie, c\u00e2nd vor fi scoase la licita\u021bie 47 locuri, situate \u00een B-dul Dacia nr. 61, la care pot participa locatarii blocurilor DD5, DD6, DD7, DD8, DD9, DF2, DF3, DF6, DF7 \u015fi DF8. Un singur loc de parcare \u00een strada Canta va fi scos la licita\u0163ie joi, 24 octombrie, urmat de cea mai mare licita\u0163ie a acestei perioade. Luni, 28 octombrie, vor fi licita\u021bie 52 locuri de parcare, situate \u00een B-dul Dacia nr. 5, la aceast\u0103 procedur\u0103 av\u00e2nd drept de participare locatarii din blocurile DA1, DA2, DA3, DA4, DA5, DA6, DA7, DA8, Q8, R9, R10 \u015fi R11. Seria licita\u0163iilor din aceast\u0103 lun\u0103 se va \u00eencheia pe 30 octombrie cu procedura care va viza 22 locuri de parcare din str. P\u0103curari nr. 140. \u201dPentru \u00eenscriere, locatarii trebuie s\u0103 depun\u0103 dosarul de participare cu dou\u0103 zile \u00eenaintea desf\u0103\u015fur\u0103rii licita\u0163iei cu strigare. \u00cen dosar sunt incluse actele de identitate ale solicitantului, documentele de proprietate ale autovehiculului \u015fi a locuin\u0163ei din apropierea locurilor de parcare. Rela\u0163ii suplimentare privind procurarea documenta\u0163iei \u015fi condi\u0163iile de participare se pot obtine de la DAPPP, str. Sm\u00e2rdan nr. 5, cam. 9, parter, telefon 0232\/264.246 int. 22 sau 42\u201d, precizeaz\u0103 reprezentan\u021bii Prim\u0103riei ie\u0219ene.<\/p>\n","protected":false},"excerpt":{"rendered":"<p>P\u00e2n\u0103 la sf\u00e2r\u015fitul lunii octombrie, Direc\u0163ia de Administrare a Patrimoniului Public \u015fi Privat (DAPPP) a&#8230; <a class=\"meta-more\" href=\"https:\/\/infois.ro\/?p=7801\">more <span class=\"meta-nav\">&raquo;<\/span><\/a><\/p>\n","protected":false},"author":2,"featured_media":7802,"comment_status":"open","ping_status":"closed","sticky":false,"template":"","format":"standard","meta":{"footnotes":""},"categories":[1,41],"tags":[74,40,846,3341],"aioseo_notices":[],"_links":{"self":[{"href":"https:\/\/infois.ro\/index.php?rest_route=\/wp\/v2\/posts\/7801"}],"collection":[{"href":"https:\/\/infois.ro\/index.php?rest_route=\/wp\/v2\/posts"}],"about":[{"href":"https:\/\/infois.ro\/index.php?rest_route=\/wp\/v2\/types\/post"}],"author":[{"embeddable":true,"href":"https:\/\/infois.ro\/index.php?rest_route=\/wp\/v2\/users\/2"}],"replies":[{"embeddable":true,"href":"https:\/\/infois.ro\/index.php?rest_route=%2Fwp%2Fv2%2Fcomments&post=7801"}],"version-history":[{"count":1,"href":"https:\/\/infois.ro\/index.php?rest_route=\/wp\/v2\/posts\/7801\/revisions"}],"predecessor-version":[{"id":7803,"href":"https:\/\/infois.ro\/index.php?rest_route=\/wp\/v2\/posts\/7801\/revisions\/7803"}],"wp:featuredmedia":[{"embeddable":true,"href":"https:\/\/infois.ro\/index.php?rest_route=\/wp\/v2\/media\/7802"}],"wp:attachment":[{"href":"https:\/\/infois.ro\/index.php?rest_route=%2Fwp%2Fv2%2Fmedia&parent=7801"}],"wp:term":[{"taxonomy":"category","embeddable":true,"href":"https:\/\/infois.ro\/index.php?rest_route=%2Fwp%2Fv2%2Fcategories&post=7801"},{"taxonomy":"post_tag","embeddable":true,"href":"https:\/\/infois.ro\/index.php?rest_route=%2Fwp%2Fv2%2Ftags&post=7801"}],"curies":[{"name":"wp","href":"https:\/\/api.w.org\/{rel}","templated":true}]}}