{"id":7828,"date":"2013-10-23T14:42:50","date_gmt":"2013-10-23T11:42:50","guid":{"rendered":"http:\/\/infois.ro\/?p=7828"},"modified":"2013-10-23T14:42:50","modified_gmt":"2013-10-23T11:42:50","slug":"ambasadorul-germaniei-la-bucuresti-va-conduce-o-misiune-economica-in-iasi-la-inceputul-anului-viitor","status":"publish","type":"post","link":"https:\/\/infois.ro\/?p=7828","title":{"rendered":"Ambasadorul Germaniei la Bucure\u015fti va conduce o misiune economic\u0103 \u00een Ia\u015fi, la \u00eenceputul anului viitor"},"content":{"rendered":"<p style=\"text-align: justify;\"><a class=\"highslide\" onclick=\"return vz.expand(this)\" href=\"http:\/\/infois.ro\/wp-content\/uploads\/2013\/10\/misiune-diplomatica-germana.jpg\"><img loading=\"lazy\" decoding=\"async\" class=\"alignleft size-large wp-image-7829\" title=\"misiune diplomatica germana\" src=\"http:\/\/infois.ro\/wp-content\/uploads\/cache\/2013\/10\/misiune-diplomatica-germana\/1847688442.jpg\" alt=\"\" width=\"600\" height=\"295\" \/><\/a><\/p>\n<p style=\"text-align: justify;\">Ambasadorul Republicii Federale Germania la Bucure\u015fti, Excelen\u0163a Sa Werner Hans Lauk, s-a \u00eent\u00e2lnit miercuri, 23 octombrie, la sediul Prim\u0103riei municipiului Ia\u015fi, cu primarul Gheorghe Nichita. \u00cent\u00e2lnirea a vizat o palet\u0103 larg\u0103 de subiecte, discu\u021biile ax\u00e2ndu-se, \u00een principal, pe importan\u021ba pe care municipiului Ia\u0219i o are \u00een acest moment pe harta Rom\u00e2niei, din punct de vedere cultural, educa\u021bional, turistic \u0219i economic. Excelen\u021ba Sa Werner Hans Lauk, ambasadorul Republicii Federale Germania \u00een Rom\u00e2nia, s-a ar\u0103tat impresionat de numeroasele lucr\u0103ri de investi\u021bii realizate \u00een ultima perioada la Ia\u0219i, subliniind c\u0103 ele contribuie la poten\u021bialul turistic al ora\u0219ului, dar \u0219i la sus\u021binerea candidaturii Ia\u0219ilor drept \u201dCapital\u0103 Cultural\u0103 European\u0103\u201d \u00een anul 2021. \u00cen cadrul \u00eent\u00e2lnirii cu primarul Gheorghe Nichita, diplomatul german a men\u021bionat \u0219i dorin\u021ba acestuia de a sprijini ini\u021biativele culturale, prin implicarea Forumului German, a Institutului \u201dGoethe\u201d de la Ia\u0219i, a asocia\u021biilor culturale \u0219i a minorit\u0103\u021bii germane din zon\u0103 \u0219i a prezentat \u00een acest sens un model\u00a0 de succes \u00een domeniul educa\u021biei profesionale din Germania, pe care dore\u0219te s\u0103-l implementeze \u0219i \u00een Ia\u015fi, respectiv \u00een regiunea Moldovei. Totodat\u0103, ambasadorul \u015fi-a exprimat aprecierea fa\u0163\u0103 de deschiderea Ia\u015fului c\u0103tre investi\u021biile str\u0103ine \u0219i schimburile de experien\u021b\u0103 \u00een domenii diverse. \u00a0Excelen\u021ba Sa a promis c\u0103 va reveni la Ia\u0219i peste c\u00e2teva luni cu o misiune economic\u0103, pentru a identifica \u00eempreun\u0103 cu responsabilii locali \u0219i mediul de afaceri cele mai bune modalit\u0103\u021bi de atragere a investi\u021biilor germane la Ia\u0219i \u0219i \u00een regiune. De remarcat este faptul c\u0103 Excelen\u021ba Sa Werner Hans Lauk s-a aflat pentru prima dat\u0103 \u00een vizit\u0103 la Ia\u0219i, diplomatul german \u00eencep\u00e2ndu-\u0219i misiunea \u00een Rom\u00e2nia \u00een urm\u0103 cu aproximativ o lun\u0103 de zile. Tot \u00een cursul zilei miercuri, 23 octombrie, ambasadorul Republicii Federale Germania \u00een Rom\u00e2nia, s-a \u00eent\u00e2lnit, la sediul Palatului administrativ al jude\u021bului, cu prefectul jude\u021bului Ia\u0219i, Romeo Olteanu, \u0219i cu pre\u0219edintele Consiliului Jude\u021bean (CJ) Ia\u0219i, Cristian Adomni\u021bei. \u00cen cadrul vizitei pe care a efectuat-o la Ia\u0219i, ambasadorul Republicii Federale Germania, Excelen\u021ba Sa Werner Hans Lauk, a fost \u00eenso\u0163it de Josef Karl, \u015feful Sec\u0163iei culturale \u015fi pentru probleme ale minorit\u0103\u0163ii germane din cadrul Ambasadei Germaniei \u00een Rom\u00e2nia.<\/p>\n","protected":false},"excerpt":{"rendered":"<p>Ambasadorul Republicii Federale Germania la Bucure\u015fti, Excelen\u0163a Sa Werner Hans Lauk, s-a \u00eent\u00e2lnit miercuri, 23&#8230; <a class=\"meta-more\" href=\"https:\/\/infois.ro\/?p=7828\">more <span class=\"meta-nav\">&raquo;<\/span><\/a><\/p>\n","protected":false},"author":2,"featured_media":7829,"comment_status":"open","ping_status":"closed","sticky":false,"template":"","format":"standard","meta":{"footnotes":""},"categories":[1,41],"tags":[74,3348,40,3359],"aioseo_notices":[],"_links":{"self":[{"href":"https:\/\/infois.ro\/index.php?rest_route=\/wp\/v2\/posts\/7828"}],"collection":[{"href":"https:\/\/infois.ro\/index.php?rest_route=\/wp\/v2\/posts"}],"about":[{"href":"https:\/\/infois.ro\/index.php?rest_route=\/wp\/v2\/types\/post"}],"author":[{"embeddable":true,"href":"https:\/\/infois.ro\/index.php?rest_route=\/wp\/v2\/users\/2"}],"replies":[{"embeddable":true,"href":"https:\/\/infois.ro\/index.php?rest_route=%2Fwp%2Fv2%2Fcomments&post=7828"}],"version-history":[{"count":1,"href":"https:\/\/infois.ro\/index.php?rest_route=\/wp\/v2\/posts\/7828\/revisions"}],"predecessor-version":[{"id":7830,"href":"https:\/\/infois.ro\/index.php?rest_route=\/wp\/v2\/posts\/7828\/revisions\/7830"}],"wp:featuredmedia":[{"embeddable":true,"href":"https:\/\/infois.ro\/index.php?rest_route=\/wp\/v2\/media\/7829"}],"wp:attachment":[{"href":"https:\/\/infois.ro\/index.php?rest_route=%2Fwp%2Fv2%2Fmedia&parent=7828"}],"wp:term":[{"taxonomy":"category","embeddable":true,"href":"https:\/\/infois.ro\/index.php?rest_route=%2Fwp%2Fv2%2Fcategories&post=7828"},{"taxonomy":"post_tag","embeddable":true,"href":"https:\/\/infois.ro\/index.php?rest_route=%2Fwp%2Fv2%2Ftags&post=7828"}],"curies":[{"name":"wp","href":"https:\/\/api.w.org\/{rel}","templated":true}]}}