{"id":78471,"date":"2024-06-05T17:19:52","date_gmt":"2024-06-05T14:19:52","guid":{"rendered":"http:\/\/infois.ro\/?p=78471"},"modified":"2024-06-06T08:22:30","modified_gmt":"2024-06-06T05:22:30","slug":"garda-de-mediu-dotata-cu-o-drona-de-ultima-generatie-pentru-depistarea-poluatorilor","status":"publish","type":"post","link":"https:\/\/infois.ro\/?p=78471","title":{"rendered":"Garda de Mediu, dotat\u0103 cu o dron\u0103 de ultim\u0103 genera\u021bie pentru depistarea poluatorilor!"},"content":{"rendered":"<p><img loading=\"lazy\" decoding=\"async\" class=\"size-medium wp-image-78472 alignleft\" src=\"http:\/\/infois.ro\/wp-content\/uploads\/2024\/06\/drona-390x260.jpeg\" alt=\"\" width=\"390\" height=\"260\" srcset=\"https:\/\/infois.ro\/wp-content\/uploads\/2024\/06\/drona-390x260.jpeg 390w, https:\/\/infois.ro\/wp-content\/uploads\/2024\/06\/drona-768x512.jpeg 768w, https:\/\/infois.ro\/wp-content\/uploads\/2024\/06\/drona.jpeg 900w\" sizes=\"(max-width: 390px) 100vw, 390px\" \/><\/p>\n<p style=\"text-align: justify;\">Comisariatul Ia\u0219i al G\u0103rzii Na\u021bionale de Mediu (GNM) va fi dotat cu o dron\u0103 de ultim\u0103 genera\u021bie care va ajuta la depistarea rapid\u0103 a a poluatorilor at\u00e2t persoane fizice c\u00e2t \u0219i persoane juridice, asigur\u00e2nd astfel un grad ridicat de preven\u0163ie \u00eempotriva actelor de \u00eenc\u0103lcare a legii \u00een privin\u021ba protec\u021biei mediului. Echipamentul va fi achizi\u021bionat de c\u0103tre Garda Na\u0163ional\u0103 de Mediu prin Programul Na\u021bional de Redresare \u0219i Rezilien\u021b\u0103 (PNRR). \u00cen total, 16 drone vor fi achizi\u021bionate prin intermediul acestui program cu finan\u021bare de la Uniunea European\u0103, au anun\u0163at reprezentan\u0163ii G\u0103rzii Na\u0163ionale de Mediu. Potrivit acestora, echipamentele vor fi repartizate c\u0103tre 14 comisariate jude\u0163ene ale G\u0103rzii Na\u021bionale de Mediu, respectiv Alba, Bac\u0103u, Bihor, Bra\u0219ov, Br\u0103ila, Constan\u021ba, Giurgiu, Ia\u0219i, Mehedin\u021bi, Olt, Prahova, S\u0103laj, Suceava, Timi\u0219 \u0219i respective Comisariatul General care deserve\u0219te zona Bucure\u0219ti-Ilfov.<\/p>\n<p style=\"text-align: justify;\">\u201eDotarea cu un astfel de echipament ultramodern marcheaz\u0103 un moment istoric pentru institu\u021bia noastr\u0103, av\u00e2nd \u00een vedere c\u0103 Garda Na\u021bional\u0103 de Mediu \u00eempreun\u0103 cu structurile sale din teritoriu reprezint\u0103 cele mai importante institu\u0163ii de inspec\u0163ie \u015fi control \u00een domeniul protec\u0163iei mediului\u201d, au precizat reprezentan\u021bii Comisariatului Jude\u021bean Ia\u0219i al G\u0103rzii Na\u021bionale de Mediu.<\/p>\n<p style=\"text-align: justify;\">\u201eSistemele aeropurtate, dotate cu senzori \u015fi echipamente specifice activit\u0103\u021bii de inspec\u021bie \u0219i control (termoviziune\/filmare de noapte, capturi foto\/video, m\u0103surare a suprafe\u0163elor \u015fi volumelor), vor furniza informa\u021bii \u00een timp util de la diverse evenimente cu impact asupra mediului \u0219i vor deveni un instrument esen\u021bial \u00een activitatea zilnic\u0103 a comisarilor de mediu\u201d, au mai transmis reprezentan\u021bii Comisariatului Ia\u0219i al G\u0103rzii Na\u021bionale de Mediu. Conform proiectului, echipamentele vor fi utilizate \u00een ac\u0163iunile \u00eentreprinse de comisarii G\u0103rzii de Mediu, conform calendarului de implementare, dup\u0103 \u00eencheierea cursurilor de instruire \u0219i \u00eenmatriculare a dronelor.<\/p>\n","protected":false},"excerpt":{"rendered":"<p>Comisariatul Ia\u0219i al G\u0103rzii Na\u021bionale de Mediu (GNM) va fi dotat cu o dron\u0103 de&#8230; <a class=\"meta-more\" href=\"https:\/\/infois.ro\/?p=78471\">more <span class=\"meta-nav\">&raquo;<\/span><\/a><\/p>\n","protected":false},"author":2,"featured_media":78472,"comment_status":"closed","ping_status":"closed","sticky":false,"template":"","format":"standard","meta":{"footnotes":""},"categories":[6,41],"tags":[74,7567,2444,40,5352,17627],"aioseo_notices":[],"_links":{"self":[{"href":"https:\/\/infois.ro\/index.php?rest_route=\/wp\/v2\/posts\/78471"}],"collection":[{"href":"https:\/\/infois.ro\/index.php?rest_route=\/wp\/v2\/posts"}],"about":[{"href":"https:\/\/infois.ro\/index.php?rest_route=\/wp\/v2\/types\/post"}],"author":[{"embeddable":true,"href":"https:\/\/infois.ro\/index.php?rest_route=\/wp\/v2\/users\/2"}],"replies":[{"embeddable":true,"href":"https:\/\/infois.ro\/index.php?rest_route=%2Fwp%2Fv2%2Fcomments&post=78471"}],"version-history":[{"count":1,"href":"https:\/\/infois.ro\/index.php?rest_route=\/wp\/v2\/posts\/78471\/revisions"}],"predecessor-version":[{"id":78473,"href":"https:\/\/infois.ro\/index.php?rest_route=\/wp\/v2\/posts\/78471\/revisions\/78473"}],"wp:featuredmedia":[{"embeddable":true,"href":"https:\/\/infois.ro\/index.php?rest_route=\/wp\/v2\/media\/78472"}],"wp:attachment":[{"href":"https:\/\/infois.ro\/index.php?rest_route=%2Fwp%2Fv2%2Fmedia&parent=78471"}],"wp:term":[{"taxonomy":"category","embeddable":true,"href":"https:\/\/infois.ro\/index.php?rest_route=%2Fwp%2Fv2%2Fcategories&post=78471"},{"taxonomy":"post_tag","embeddable":true,"href":"https:\/\/infois.ro\/index.php?rest_route=%2Fwp%2Fv2%2Ftags&post=78471"}],"curies":[{"name":"wp","href":"https:\/\/api.w.org\/{rel}","templated":true}]}}