{"id":78619,"date":"2024-06-18T08:48:08","date_gmt":"2024-06-18T05:48:08","guid":{"rendered":"http:\/\/infois.ro\/?p=78619"},"modified":"2024-06-18T08:48:08","modified_gmt":"2024-06-18T05:48:08","slug":"transplantul-de-celule-stem-singura-sansa-a-anastasiei","status":"publish","type":"post","link":"https:\/\/infois.ro\/?p=78619","title":{"rendered":"Transplantul de celule stem, singura \u0219ans\u0103 a Anastasiei"},"content":{"rendered":"<p><img loading=\"lazy\" decoding=\"async\" class=\"size-medium wp-image-78620 alignleft\" src=\"http:\/\/infois.ro\/wp-content\/uploads\/2024\/06\/anastasia-390x293.jpg\" alt=\"\" width=\"390\" height=\"293\" srcset=\"https:\/\/infois.ro\/wp-content\/uploads\/2024\/06\/anastasia-390x293.jpg 390w, https:\/\/infois.ro\/wp-content\/uploads\/2024\/06\/anastasia.jpg 640w\" sizes=\"(max-width: 390px) 100vw, 390px\" \/><\/p>\n<p style=\"text-align: justify;\">Irinel Iulian \u0219i Monica lupt\u0103 de ani de zile pentru s\u0103n\u0103tatea fiicei lor, Anastasia. \u00cenc\u0103 de la na\u0219tere au realizat c\u0103 nu vor avea o via\u021b\u0103 u\u0219oar\u0103. Mezina a venit pe lume prematur, lucru care i-a afectat dezvoltarea intelectual\u0103: Anastasia sufer\u0103 de autism. Feti\u021ba are acum 8 ani \u0219i merge la o \u0219coal\u0103 special\u0103 \u0219i la terapii, progresele se las\u0103 \u00eens\u0103 a\u0219teptate. Singura speran\u021b\u0103 a familiei este un transplant de celule stem care ar putea avea loc \u00een Turcia. Interven\u021bia este promi\u021b\u0103toare, dar \u0219i foarte scump\u0103 &#8211; cost\u0103 19.000\u20ac, iar p\u0103rin\u021bii Anastasiei nu \u00ee\u0219i permit s\u0103 str\u00e2ng\u0103 at\u00e2\u021bia bani. Irinel este \u00een \u0219omaj \u00een Germania, dup\u0103 ce firma la care lucra \u0219i-a restr\u00e2ns activitatea, iar Monica se ocup\u0103 de Anastasia care are nevoie de \u00eengrijire permanent\u0103.<\/p>\n<p style=\"text-align: justify;\">\n<p style=\"text-align: justify;\">,,Autismul ne-a afectat pe to\u021bi din familie. Tat\u0103l copiilor mei a avut dificult\u0103\u021bi \u00een a accepta boala la \u00eenceput. Dup\u0103 ce a acceptat situa\u021bia, a plecat la munc\u0103 \u00een str\u0103in\u0103tate s\u0103 str\u00e2ng\u0103 bani pentru sesiunile de terapie, vitale pentru Anastasia. Eu a trebuit s\u0103 renun\u021b la serviciu \u0219i s\u0103 stau acas\u0103 cu feti\u021ba pentru c\u0103 e dependent\u0103 de mine. Nu se poate \u00eembr\u0103ca singur\u0103, nu comunic\u0103 asemeni unui copil de v\u00e2rsta ei, se confrunt\u0103 cu tot felul de st\u0103ri, \u021bip\u0103, are tot felul de stereotipii. Singurul lucru care o mai lini\u0219te\u0219te este desenul \u0219i \u00eembr\u0103\u021bi\u0219\u0103rile surioarei sale mai mari. Atunci c\u00e2nd o nemul\u021bume\u0219te ceva se exprim\u0103 prin pictur\u0103 ori merge c\u0103tre sora ei, s\u0103 o ia \u00een bra\u021be\u201d, poveste\u0219te printre lacrimi Monica, mama copilei.<\/p>\n<p style=\"text-align: justify;\">\n<p style=\"text-align: justify;\">Sofia are 11 ani \u0219i e oaza de lini\u0219te a Anastasiei. Cele dou\u0103 feti\u021be sunt inseparabile: dorm \u00eempreun\u0103, coloreaz\u0103 \u00eempreun\u0103, se joac\u0103 \u00eempreun\u0103. Sofia este foarte afectuoas\u0103 \u0219i are grij\u0103 ca surioara mai mic\u0103 s\u0103 simt\u0103 c\u0103 e \u00een siguran\u021b\u0103 \u00een prezen\u021ba ei.\u00a0,,M\u0103 \u00eengrijoreaz\u0103 \u0219i viitorul Sofiei. Nu vrem ca Anastasia s\u0103 ajung\u0103 pe viitor o povar\u0103 pentru surioara ei mai mare. E responsabilitatea noastr\u0103 ca \u0219i p\u0103rin\u021bi s\u0103 le oferim ambilor copii o via\u021b\u0103 normal\u0103. Ne confrunt\u0103m \u00eens\u0103 cu o realitate dur\u0103, una \u00een care viitorul fiicei noastre depinde de generozitatea \u0219i compasiunea oamenilor\u201d, spune mama feti\u021belor.\u00a0 Irinel \u0219i Monica \u00ee\u0219i \u00eenfrunt\u0103 zilnic greut\u0103\u021bile economice cu demnitate \u0219i speran\u021b\u0103, \u00eencerc\u00e2nd s\u0103 le ofere celor dou\u0103 feti\u021be \u0219ansa la un viitor mai bun. Totul depinde \u00eens\u0103 de interven\u021bia chirurgical\u0103 din Turcia, opera\u021bie imposibil de achitat din veniturile lor modeste.<\/p>\n<p style=\"text-align: justify;\">\n<p style=\"text-align: justify;\">,,Ajutorul fiec\u0103ruia dintre noi \u00eenseamn\u0103 lumea \u00eentreag\u0103 pentru o familie greu \u00eencercat\u0103. \u00cen acest moment de cump\u0103n\u0103, orice dona\u021bie poate face diferen\u021ba. S\u0103 ar\u0103t\u0103m c\u0103 umanitatea \u0219i compasiunea dep\u0103\u0219esc orice obstacol. S\u0103 o ajut\u0103m pe Anastasia s\u0103 scrie o poveste cu un final fericit!\u201d Este \u00eendemnul pre\u0219edintelui Asocia\u021biei ,,Salveaz\u0103 o inim\u0103\u201d, Vlad Pl\u0103cint\u0103, cel care a deschis o campanie de str\u00e2ngere de fonduri \u00een sprijinul familiei Purc\u0103rea\u021b\u0103.<\/p>\n<p style=\"text-align: justify;\">\n<p style=\"text-align: justify;\">Pentru dona\u021bii din partea companiile accesa\u021bi:<a href=\"https:\/\/salveazaoinima.ro\/anastasia-purcareata\/\">\u00a0https:\/\/salveazaoinima.ro\/anastasia-purcareata\/<\/a><\/p>\n<p style=\"text-align: justify;\">Denumire entitate: Asocia\u021bia \u201eSALVEAZ\u0102 O INIM\u0102\u201d<\/p>\n<p style=\"text-align: justify;\">CIF: 31015982<\/p>\n<p style=\"text-align: justify;\">Cont RON: RO05BTRL00701205W82870XX<\/p>\n<p style=\"text-align: justify;\">Cont EUR: RO28BTRLEURCRT00W8287001<\/p>\n<p style=\"text-align: justify;\">Cont USD: RO68BTRLUSDCRT00W8287001<\/p>\n<p style=\"text-align: justify;\">Cod SWIFT: BTRLRO22<\/p>\n<p style=\"text-align: justify;\">Cod BIC: BTRL<\/p>\n<p style=\"text-align: justify;\">Banca: Banca Transilvania Boto\u0219ani<\/p>\n<p style=\"text-align: justify;\">V\u0103 rug\u0103m s\u0103 men\u021biona\u021bi &#8220;ANASTASIA PURCAREATA&#8221; \u00een detaliile pl\u0103\u021bii.<\/p>\n<p style=\"text-align: justify;\"><strong>\u00a0<\/strong><\/p>\n","protected":false},"excerpt":{"rendered":"<p>Irinel Iulian \u0219i Monica lupt\u0103 de ani de zile pentru s\u0103n\u0103tatea fiicei lor, Anastasia. \u00cenc\u0103&#8230; <a class=\"meta-more\" href=\"https:\/\/infois.ro\/?p=78619\">more <span class=\"meta-nav\">&raquo;<\/span><\/a><\/p>\n","protected":false},"author":2,"featured_media":78620,"comment_status":"closed","ping_status":"closed","sticky":false,"template":"","format":"standard","meta":{"footnotes":""},"categories":[41,32],"tags":[74,1348,2731,40,3075,2902],"aioseo_notices":[],"_links":{"self":[{"href":"https:\/\/infois.ro\/index.php?rest_route=\/wp\/v2\/posts\/78619"}],"collection":[{"href":"https:\/\/infois.ro\/index.php?rest_route=\/wp\/v2\/posts"}],"about":[{"href":"https:\/\/infois.ro\/index.php?rest_route=\/wp\/v2\/types\/post"}],"author":[{"embeddable":true,"href":"https:\/\/infois.ro\/index.php?rest_route=\/wp\/v2\/users\/2"}],"replies":[{"embeddable":true,"href":"https:\/\/infois.ro\/index.php?rest_route=%2Fwp%2Fv2%2Fcomments&post=78619"}],"version-history":[{"count":1,"href":"https:\/\/infois.ro\/index.php?rest_route=\/wp\/v2\/posts\/78619\/revisions"}],"predecessor-version":[{"id":78621,"href":"https:\/\/infois.ro\/index.php?rest_route=\/wp\/v2\/posts\/78619\/revisions\/78621"}],"wp:featuredmedia":[{"embeddable":true,"href":"https:\/\/infois.ro\/index.php?rest_route=\/wp\/v2\/media\/78620"}],"wp:attachment":[{"href":"https:\/\/infois.ro\/index.php?rest_route=%2Fwp%2Fv2%2Fmedia&parent=78619"}],"wp:term":[{"taxonomy":"category","embeddable":true,"href":"https:\/\/infois.ro\/index.php?rest_route=%2Fwp%2Fv2%2Fcategories&post=78619"},{"taxonomy":"post_tag","embeddable":true,"href":"https:\/\/infois.ro\/index.php?rest_route=%2Fwp%2Fv2%2Ftags&post=78619"}],"curies":[{"name":"wp","href":"https:\/\/api.w.org\/{rel}","templated":true}]}}