{"id":8012,"date":"2013-10-31T19:08:46","date_gmt":"2013-10-31T17:08:46","guid":{"rendered":"http:\/\/infois.ro\/?p=8012"},"modified":"2013-10-31T19:08:46","modified_gmt":"2013-10-31T17:08:46","slug":"o-noua-vizita-a-presedintelui-cj-iasi-cristian-adomnitei-pe-santierul-de-la-aeroport","status":"publish","type":"post","link":"https:\/\/infois.ro\/?p=8012","title":{"rendered":"O nou\u0103 vizit\u0103 a pre\u0219edintelui CJ Ia\u0219i, Cristian Adomni\u021bei, pe \u0219antierul de la Aeroport"},"content":{"rendered":"<p style=\"text-align: justify;\"><a class=\"highslide\" onclick=\"return vz.expand(this)\" href=\"http:\/\/infois.ro\/wp-content\/uploads\/2013\/10\/aeroport-iasi.jpg\"><img loading=\"lazy\" decoding=\"async\" class=\"alignleft size-large wp-image-8013\" title=\"aeroport iasi\" src=\"http:\/\/infois.ro\/wp-content\/uploads\/cache\/2013\/10\/aeroport-iasi\/2534096003.jpg\" alt=\"\" width=\"640\" height=\"427\" \/><\/a><\/p>\n<p style=\"text-align: justify;\">Pre\u0219edintele Consiliului Jude\u021bean (CJ) Ia\u0219i, Cristian Adomni\u021bei, a efectuat joi, 31 octombrie, o nou\u0103 vizit\u0103 pe \u0219antierul de la Aeroport. Acesta a fost \u00eenso\u021bit de mai mul\u021bi consilieri jude\u021beni, care au dorit s\u0103 vad\u0103 la fa\u021ba locului modul \u00een care se desf\u0103\u0219oar\u0103 lucr\u0103rile la \u0219antierul de la Aeroport, pentru care Legislativul jude\u021bului a alocat suma de 40 de milioane de euro. \u201d\u00cen prezent se lucreaz\u0103 cu 72 de camioane \u0219i 47 de utilaje de \u00eenc\u0103rcare, s\u0103pare \u0219i profilare, adic\u0103 buldozere, excavatoare, autogredere, cilindri compactori. S\u0103pt\u0103m\u00e2na trecut\u0103 erau 60 de camioane \u0219i 37 de utilaje. Suntem aproape de nivelul optim de utilaje. Dac\u0103 ar veni un num\u0103r dublu, s-ar \u00eencurca unii pe ceilal\u021bi \u0219i nu ar avea at\u00e2t de mult front de lucru. Lucr\u0103rile sunt \u00een grafic. La sf\u00e2r\u0219itul lucr\u0103rilor vom avea cea mai modern\u0103 pist\u0103 de aterizare-decolare din Rom\u00e2nia, cu o structur\u0103 complet flexibil\u0103 \u0219i cu posibilit\u0103\u021bi de aterizare \u00een condi\u021bii meteo nefavorabile. Costul pistei noastre va fi unul foarte bun. Pista din Ia\u0219i cost\u0103 mai pu\u021bin dec\u00e2t cea de la Cluj-Napoca, de exemplu. Acolo pista are 2.100 de metri, e rigid\u0103 \u0219i e realizat\u0103 pe teren drept. La Ia\u0219i, pista va avea 2.400 de metri lungime, e flexibil\u0103 \u0219i \u00een plus trebuie s\u0103 mut\u0103m un deal pentru a ob\u021bine un profil corespunz\u0103tor\u201d, a declarat pre\u0219edintele CJ Ia\u0219i. \u00cen paralel cu lucr\u0103rile la pist\u0103, reprezentan\u021bii Aeroportului au \u00een plan \u0219i dezvoltarea altor facilit\u0103\u021bi pentru companiile aeriene. \u201dNe preocup\u0103 \u00eenc\u0103 de pe acum s\u0103 putem dota Aeroportul cu echipamente pentru naviga\u021bie satelitar\u0103. Din 2015 avioanele vor putea ateriza pe Aeroportul nostru \u00een condi\u021bii de vizibilitate zero. Asta \u00eenseamn\u0103 atractivitate maxim\u0103 pentru companii \u0219i o rat\u0103 zero de anulare a curselor din cauza condi\u021biilor de vizibilitate redus\u0103. Este un proiect pilot \u00een Rom\u00e2nia \u0219i cred c\u0103 vom reu\u0219i s\u0103 \u00eel realiz\u0103m\u201d, a precizat, la r\u00e2ndul s\u0103u, Marius Bodea, pre\u0219edintele Consiliului de Administra\u021bie al Aeroportului Interna\u021bional Ia\u0219i. \u00a0Lucr\u0103rile la noua pist\u0103 (flexibil\u0103) de la Aeroportul Ia\u0219i au \u00eenceput pe data de 7 august. Asocierea Max Boegl Rom\u00e2nia, SC Vega &#8217;93 SRL \u0219i SC UTI Grup SA a c\u00e2\u0219tigat licita\u021bia pentru proiectarea \u0219i execu\u021bia lucr\u0103rilor pentru realizarea suprafe\u021belor de mi\u0219care aferente unei piste noi cu lungimea de 2.400 metri. Valoarea contractului este de aproximativ 139 milioane de lei, f\u0103r\u0103 TVA. Termenul de finalizare este de 25 de luni, \u00een acest termen inclus\u0103 \u0219i proiectarea. Lucr\u0103rile vor include realizarea pistei de decolare \u2013 aterizare, c\u0103ii de rulare, extinderii platformei \u0219i a drumului perimetral, instala\u021biei de balizaj, canaliz\u0103rii pentru ape pluviale, precum \u0219i a serviciilor de proiectare pentru toate cele men\u021bionate anterior.<\/p>\n","protected":false},"excerpt":{"rendered":"<p>Pre\u0219edintele Consiliului Jude\u021bean (CJ) Ia\u0219i, Cristian Adomni\u021bei, a efectuat joi, 31 octombrie, o nou\u0103 vizit\u0103&#8230; <a class=\"meta-more\" href=\"https:\/\/infois.ro\/?p=8012\">more <span class=\"meta-nav\">&raquo;<\/span><\/a><\/p>\n","protected":false},"author":2,"featured_media":8013,"comment_status":"open","ping_status":"closed","sticky":false,"template":"","format":"standard","meta":{"footnotes":""},"categories":[1,41],"tags":[74,465,3436,3435],"aioseo_notices":[],"_links":{"self":[{"href":"https:\/\/infois.ro\/index.php?rest_route=\/wp\/v2\/posts\/8012"}],"collection":[{"href":"https:\/\/infois.ro\/index.php?rest_route=\/wp\/v2\/posts"}],"about":[{"href":"https:\/\/infois.ro\/index.php?rest_route=\/wp\/v2\/types\/post"}],"author":[{"embeddable":true,"href":"https:\/\/infois.ro\/index.php?rest_route=\/wp\/v2\/users\/2"}],"replies":[{"embeddable":true,"href":"https:\/\/infois.ro\/index.php?rest_route=%2Fwp%2Fv2%2Fcomments&post=8012"}],"version-history":[{"count":1,"href":"https:\/\/infois.ro\/index.php?rest_route=\/wp\/v2\/posts\/8012\/revisions"}],"predecessor-version":[{"id":8014,"href":"https:\/\/infois.ro\/index.php?rest_route=\/wp\/v2\/posts\/8012\/revisions\/8014"}],"wp:featuredmedia":[{"embeddable":true,"href":"https:\/\/infois.ro\/index.php?rest_route=\/wp\/v2\/media\/8013"}],"wp:attachment":[{"href":"https:\/\/infois.ro\/index.php?rest_route=%2Fwp%2Fv2%2Fmedia&parent=8012"}],"wp:term":[{"taxonomy":"category","embeddable":true,"href":"https:\/\/infois.ro\/index.php?rest_route=%2Fwp%2Fv2%2Fcategories&post=8012"},{"taxonomy":"post_tag","embeddable":true,"href":"https:\/\/infois.ro\/index.php?rest_route=%2Fwp%2Fv2%2Ftags&post=8012"}],"curies":[{"name":"wp","href":"https:\/\/api.w.org\/{rel}","templated":true}]}}