{"id":80209,"date":"2024-11-22T17:50:51","date_gmt":"2024-11-22T15:50:51","guid":{"rendered":"https:\/\/infois.ro\/?p=80209"},"modified":"2024-11-23T07:55:44","modified_gmt":"2024-11-23T05:55:44","slug":"pensionarii-ieseni-vor-primi-tichete-sociale-valorice","status":"publish","type":"post","link":"https:\/\/infois.ro\/?p=80209","title":{"rendered":"Pensionarii ie\u0219eni vor primi tichete sociale valorice"},"content":{"rendered":"<p><img loading=\"lazy\" decoding=\"async\" class=\"size-medium wp-image-80210 alignleft\" src=\"http:\/\/infois.ro\/wp-content\/uploads\/2024\/11\/pensionari-390x302.jpg\" alt=\"\" width=\"390\" height=\"302\" srcset=\"https:\/\/infois.ro\/wp-content\/uploads\/2024\/11\/pensionari-390x302.jpg 390w, https:\/\/infois.ro\/wp-content\/uploads\/2024\/11\/pensionari.jpg 640w\" sizes=\"(max-width: 390px) 100vw, 390px\" \/><\/p>\n<p style=\"text-align: justify;\">Prim\u0103ria Municipiului Ia\u0219i a anun\u021bat c\u0103, \u0219i \u00een acest an,cu ocazia S\u0103rb\u0103torilor de Iarn\u0103, pensionarii ie\u0219eni vor primi ajutoare sub form\u0103 de tichete sociale valorice. Ac\u021biunea este organizat\u0103 de c\u0103tre Prim\u0103ria Municipiului Ia\u0219i, prin Direc\u021bia de Asisten\u021b\u0103 Social\u0103, \u0219i se afl\u0103 la a XXIII-a edi\u0163ie. Beneficiarii campaniei sunt circa 12.000 de pensionari ale c\u0103ror pensii cumulate nu dep\u0103\u0219esc suma de 1.800 de lei inclusiv (pensionari de drept \u0219i pensionari pe caz de boal\u0103). Valoarea unui carnet cu tichete sociale este de 100 de lei, fiind compus din 10 tichete a 10 lei fiecare. Pentru a primi astfel de tichete valorice pensionarii trebuie s\u0103 se afle \u00een baza de date a Casei Jude\u021bene de Pensii, s\u0103 aib\u0103 domiciliul \u00een Municipiul Ia\u0219i \u0219i s\u0103 se afle \u00een plat\u0103 cu luna noiembrie 2024.<br \/>\nTichetele valorice sunt distribuite \u00eencep\u00e2nd cu ziua de 9 decembrie 2024 \u00een urm\u0103toarele locuri:<br \/>\n\u2022 C\u0103minul de Pensionari \u201eSf\u00e2nta Cuvioas\u0103 Parascheva\u201d, Str. Codrescu nr. 6 &#8211; pentru beneficiarii cu domiciliul \u00een zona COPOU;<br \/>\n\u2022 Cantina de Ajutor Social, Str. Sf. Andrei nr. 70 &#8211; pentru beneficiarii cu domiciliul \u00een zonele CENTRU, GAR\u0102;<br \/>\n\u2022 Direc\u0163ia de Asisten\u0163\u0103 Social\u0103, \u015eos. Na\u0163ional\u0103 nr. 43 &#8211; pentru beneficiarii cu domiciliul \u00een zonele PODU RO\u015e, BULARGA;<br \/>\n\u2022 Centrul de Cartier Nicolina, Str. Petre \u0162u\u0163ea nr. 2 &#8211; pentru beneficiarii cu domiciliul \u00een cartierul\/zona NICOLINA I \u015fi II;<br \/>\n\u2022 Centrul de Cartier P\u0103curari, \u0218os. P\u0103curari nr. 34 &#8211; pentru beneficiarii cu domiciliul \u00een cartierul\/zona P\u0102CURARI;<br \/>\n\u2022 Centrul de Cartier T\u0103t\u0103ra\u015fi, Str. Vasile Lupu nr. 8 &#8211; 2 &#8211; pentru beneficiarii zonelor T\u0102T\u0102RA\u0218I, METALURGIE, T. VLADIMIRESCU;<br \/>\n\u2022 Centrul de Cartier Alexandru cel Bun, Str. Tabacului nr. 1A &#8211; pentru beneficiarii cu domiciliul \u00een zonele ALEXANDRU CEL BUN \u2013 DACIA;<br \/>\n\u2022 Centrul de Cartier Frumoasa, Bd. Poitiers nr. 20 &#8211; 22 &#8211; pentru beneficiarii cu domiciliul \u00een zonele BUCIUM \u015fi FRUMOASA.<\/p>\n","protected":false},"excerpt":{"rendered":"<p>Prim\u0103ria Municipiului Ia\u0219i a anun\u021bat c\u0103, \u0219i \u00een acest an,cu ocazia S\u0103rb\u0103torilor de Iarn\u0103, pensionarii&#8230; <a class=\"meta-more\" href=\"https:\/\/infois.ro\/?p=80209\">more <span class=\"meta-nav\">&raquo;<\/span><\/a><\/p>\n","protected":false},"author":2,"featured_media":80210,"comment_status":"closed","ping_status":"closed","sticky":false,"template":"","format":"standard","meta":{"footnotes":""},"categories":[1,41],"tags":[74,40,1594,3915],"aioseo_notices":[],"_links":{"self":[{"href":"https:\/\/infois.ro\/index.php?rest_route=\/wp\/v2\/posts\/80209"}],"collection":[{"href":"https:\/\/infois.ro\/index.php?rest_route=\/wp\/v2\/posts"}],"about":[{"href":"https:\/\/infois.ro\/index.php?rest_route=\/wp\/v2\/types\/post"}],"author":[{"embeddable":true,"href":"https:\/\/infois.ro\/index.php?rest_route=\/wp\/v2\/users\/2"}],"replies":[{"embeddable":true,"href":"https:\/\/infois.ro\/index.php?rest_route=%2Fwp%2Fv2%2Fcomments&post=80209"}],"version-history":[{"count":1,"href":"https:\/\/infois.ro\/index.php?rest_route=\/wp\/v2\/posts\/80209\/revisions"}],"predecessor-version":[{"id":80211,"href":"https:\/\/infois.ro\/index.php?rest_route=\/wp\/v2\/posts\/80209\/revisions\/80211"}],"wp:featuredmedia":[{"embeddable":true,"href":"https:\/\/infois.ro\/index.php?rest_route=\/wp\/v2\/media\/80210"}],"wp:attachment":[{"href":"https:\/\/infois.ro\/index.php?rest_route=%2Fwp%2Fv2%2Fmedia&parent=80209"}],"wp:term":[{"taxonomy":"category","embeddable":true,"href":"https:\/\/infois.ro\/index.php?rest_route=%2Fwp%2Fv2%2Fcategories&post=80209"},{"taxonomy":"post_tag","embeddable":true,"href":"https:\/\/infois.ro\/index.php?rest_route=%2Fwp%2Fv2%2Ftags&post=80209"}],"curies":[{"name":"wp","href":"https:\/\/api.w.org\/{rel}","templated":true}]}}