{"id":80351,"date":"2024-12-10T18:46:22","date_gmt":"2024-12-10T16:46:22","guid":{"rendered":"https:\/\/infois.ro\/?p=80351"},"modified":"2024-12-11T08:49:07","modified_gmt":"2024-12-11T06:49:07","slug":"artisti-vizuali-absolventi-ai-universitatii-de-arte-vin-la-palas-cu-cele-mai-frumoase-cadouri-iar-mos-craciun-ii-asteapta-pe-copii-sa-isi-spuna-dorintele","status":"publish","type":"post","link":"https:\/\/infois.ro\/?p=80351","title":{"rendered":"Arti\u0219ti vizuali absolven\u0163i ai Universit\u0103\u0163ii de Arte vin la Palas cu cele mai frumoase cadouri, iar Mo\u0219 Cr\u0103ciun \u00eei a\u015fteapt\u0103 pe copii s\u0103 \u00ee\u0219i spun\u0103 dorin\u021bele"},"content":{"rendered":"<p><img loading=\"lazy\" decoding=\"async\" class=\"size-medium wp-image-80352 alignleft\" src=\"http:\/\/infois.ro\/wp-content\/uploads\/2024\/12\/palas1-1-390x260.jpg\" alt=\"\" width=\"390\" height=\"260\" srcset=\"https:\/\/infois.ro\/wp-content\/uploads\/2024\/12\/palas1-1-390x260.jpg 390w, https:\/\/infois.ro\/wp-content\/uploads\/2024\/12\/palas1-1.jpg 640w\" sizes=\"(max-width: 390px) 100vw, 390px\" \/><\/p>\n<p style=\"text-align: justify;\"><strong><em>De vineri, arti\u0219ti vizuali absolven\u0163i ai Universit\u0103\u0163ii de Arte se \u00eent\u00e2lnesc la \u201eAtelierul Artistului\u201d din Palas, t\u00e2rgul care a devenit tradi\u021bie \u00een perioada s\u0103rb\u0103torilor de iarn\u0103 \u0219i care ofer\u0103 variante de cadouri unice, realizate cu migal\u0103 \u0219i inspirate de magia Cr\u0103ciunului. Ornamente pentru brad, decora\u021biuni, bijuterii nonconformiste, lum\u00e2n\u0103ri parfumate, obiecte vestimentare \u0219i accesorii sunt propunerile arti\u0219tilor. \u00cen plus, cei mici sunt a\u0219tepta\u021bi de Mo\u0219 Cr\u0103ciun \u00een Atrium, care \u00eei va primi cu bucurie \u0219i va fi \u00eenc\u00e2ntat s\u0103 le asculte dorin\u021bele.\u00a0 <\/em><\/strong><\/p>\n<p style=\"text-align: justify;\">\n<p style=\"text-align: justify;\">\u00cencep\u00e2nd de <strong>vineri, 13 decembrie 2024, \u0219i p\u00e2n\u0103 pe 23 decembrie<\/strong>, <strong>arti\u0219tii ie\u0219eni \u00ee\u0219i expun crea\u021biile \u00een Atriumul Palas<\/strong>, iar publicul este invitat s\u0103 ofere celor dragi piese unicat, dar \u0219i s\u0103 recreeze universul visat cu ocazia s\u0103rb\u0103torilor de iarn\u0103. Vor avea la dispozi\u021bie o mul\u021bime de idei, pentru c\u0103 arti\u0219tii au preg\u0103tit <strong>obiecte cu un design actual, realizate din ceramic\u0103, lemn, materiale textile, metal sau h\u00e2rtie<\/strong>. Po\u021bi alege accesorii stilizate, \u00een combina\u021bii de culori \u0219i forme inspirate de natur\u0103, pe care s\u0103 le integrezi \u00een multe dintre \u021binutele tale, globuri, coroni\u021be, cutii pentru bijuterii, rame foto, clopo\u021bei din ceramic\u0103 \u0219i felicit\u0103ri pictate sau po\u021bi opta pentru lum\u00e2n\u0103ri parfumate atunci c\u00e2nd vrei s\u0103 recreezi atmosfera de acas\u0103!<\/p>\n<p style=\"text-align: justify;\"><img loading=\"lazy\" decoding=\"async\" class=\"size-medium wp-image-80353 alignright\" src=\"http:\/\/infois.ro\/wp-content\/uploads\/2024\/12\/palas2-1-390x260.jpg\" alt=\"\" width=\"390\" height=\"260\" srcset=\"https:\/\/infois.ro\/wp-content\/uploads\/2024\/12\/palas2-1-390x260.jpg 390w, https:\/\/infois.ro\/wp-content\/uploads\/2024\/12\/palas2-1.jpg 640w\" sizes=\"(max-width: 390px) 100vw, 390px\" \/><\/p>\n<p style=\"text-align: justify;\">Iar dac\u0103 ai nevoie de \u0219i mai multe idei pentru cadourile de Cr\u0103ciun, \u00een perioada 17-23 decembrie, <strong>\u201eCreatorii de frumos\u201d<\/strong> din zona Colin\u2019s sunt, de asemenea, o op\u021biune, pentru c\u0103 vei g\u0103si <strong>mici obiecte de art\u0103 \u0219i crea\u021bii diverse \u00een ton cu s\u0103rb\u0103torile de iarn\u0103<\/strong>.<\/p>\n<p style=\"text-align: justify;\">\n<p style=\"text-align: justify;\">Poate cel mai a\u0219teptat moment de c\u0103tre cei mici va fi \u00eent\u00e2lnirea cu Mo\u0219 Cr\u0103ciun, care \u00eei \u00eent\u00e2mpin\u0103, \u00een fiecare zi a s\u0103pt\u0103m\u00e2nii, \u00eencep\u00e2nd de pe 11 decembrie, dup\u0103 un program pus la cale de spiridu\u0219ii s\u0103i. Astfel, \u00een zilele de <strong>luni, mar\u021bi, miercuri, joi \u0219i vineri<\/strong>, <strong>Mo\u0219ul va fi la baza bradului \u00eempodobit din Atrium \u00een intervalul orar\u00a0 17.00-21.00<\/strong>, iar <strong>s\u00e2mb\u0103t\u0103 \u0219i duminic\u0103<\/strong>, \u00eentre <strong>orele 12.00-16.00 \u0219i 17.00-20.00<\/strong>. Iar pe <strong>23 decembrie<\/strong>, copiii \u00eel g\u0103sesc \u00een Atrium \u00een intervalul orar <strong>15.00- 21.00<\/strong>.<\/p>\n<p style=\"text-align: justify;\">\n<p style=\"text-align: justify;\">\u00cen continuare, t\u00e2rgul de Cr\u0103ciun \u015fi expozi\u0163ia \u201eThe Glowing Garden\u201d din parc \u00eei a\u015fteapt\u0103 pe cei care vor s\u0103 simt\u0103 din plin magia sezonului s\u0103rb\u0103torilor de iarn\u0103.<\/p>\n<p style=\"text-align: justify;\">\n","protected":false},"excerpt":{"rendered":"<p>De vineri, arti\u0219ti vizuali absolven\u0163i ai Universit\u0103\u0163ii de Arte se \u00eent\u00e2lnesc la \u201eAtelierul Artistului\u201d din&#8230; <a class=\"meta-more\" href=\"https:\/\/infois.ro\/?p=80351\">more <span class=\"meta-nav\">&raquo;<\/span><\/a><\/p>\n","protected":false},"author":2,"featured_media":80352,"comment_status":"closed","ping_status":"closed","sticky":false,"template":"","format":"standard","meta":{"footnotes":""},"categories":[41,60],"tags":[74,3721,40,1326,100,1397],"aioseo_notices":[],"_links":{"self":[{"href":"https:\/\/infois.ro\/index.php?rest_route=\/wp\/v2\/posts\/80351"}],"collection":[{"href":"https:\/\/infois.ro\/index.php?rest_route=\/wp\/v2\/posts"}],"about":[{"href":"https:\/\/infois.ro\/index.php?rest_route=\/wp\/v2\/types\/post"}],"author":[{"embeddable":true,"href":"https:\/\/infois.ro\/index.php?rest_route=\/wp\/v2\/users\/2"}],"replies":[{"embeddable":true,"href":"https:\/\/infois.ro\/index.php?rest_route=%2Fwp%2Fv2%2Fcomments&post=80351"}],"version-history":[{"count":1,"href":"https:\/\/infois.ro\/index.php?rest_route=\/wp\/v2\/posts\/80351\/revisions"}],"predecessor-version":[{"id":80354,"href":"https:\/\/infois.ro\/index.php?rest_route=\/wp\/v2\/posts\/80351\/revisions\/80354"}],"wp:featuredmedia":[{"embeddable":true,"href":"https:\/\/infois.ro\/index.php?rest_route=\/wp\/v2\/media\/80352"}],"wp:attachment":[{"href":"https:\/\/infois.ro\/index.php?rest_route=%2Fwp%2Fv2%2Fmedia&parent=80351"}],"wp:term":[{"taxonomy":"category","embeddable":true,"href":"https:\/\/infois.ro\/index.php?rest_route=%2Fwp%2Fv2%2Fcategories&post=80351"},{"taxonomy":"post_tag","embeddable":true,"href":"https:\/\/infois.ro\/index.php?rest_route=%2Fwp%2Fv2%2Ftags&post=80351"}],"curies":[{"name":"wp","href":"https:\/\/api.w.org\/{rel}","templated":true}]}}