{"id":81149,"date":"2025-05-20T18:30:55","date_gmt":"2025-05-20T15:30:55","guid":{"rendered":"http:\/\/infois.ro\/?p=81149"},"modified":"2025-05-21T08:37:43","modified_gmt":"2025-05-21T05:37:43","slug":"in-iunie-vor-incepe-lucrarile-de-reconstruire-a-podului-aurel-vlaicu","status":"publish","type":"post","link":"https:\/\/infois.ro\/?p=81149","title":{"rendered":"\u00cen iunie vor \u00eencepe lucr\u0103rile de reconstruire a Podului Aurel Vlaicu"},"content":{"rendered":"<p><img loading=\"lazy\" decoding=\"async\" class=\"size-medium wp-image-81150 alignleft\" src=\"http:\/\/infois.ro\/wp-content\/uploads\/2025\/05\/pod-aurel-vlaicu-390x317.jpg\" alt=\"\" width=\"390\" height=\"317\" srcset=\"https:\/\/infois.ro\/wp-content\/uploads\/2025\/05\/pod-aurel-vlaicu-390x317.jpg 390w, https:\/\/infois.ro\/wp-content\/uploads\/2025\/05\/pod-aurel-vlaicu.jpg 640w\" sizes=\"(max-width: 390px) 100vw, 390px\" \/><\/p>\n<p style=\"text-align: justify;\">Prim\u0103ria Municipiului Ia\u0219i preg\u0103te\u0219te \u00eenceperea lucr\u0103rilor de demolare \u0219i reconstruire a podului Aurel Vlaicu, situat \u00een apropierea intersec\u021biei dintre str\u0103zile Aurel Vlaicu, Ignat, Ion Creang\u0103 \u0219i \u0219oseaua Ciric.<br \/>\nOrdinul de \u00eencepere va fi emis s\u0103pt\u0103m\u00e2na viitoare, iar lucr\u0103rile vor \u00eencepe \u00een luna iunie. Termenul estimat de finalizare este de cel mult 12 luni.<br \/>\nCircula\u021bia rutier\u0103 va fi afectat\u0103 temporar, iar municipalitatea recomand\u0103 rute alternative: str. F\u00e2nt\u00e2nilor, Ignat, Ion Creang\u0103, \u0219os. Ciric etc. Detalii suplimentare despre organizare vor fi comunicate cur\u00e2nd.<br \/>\nNoul pod va avea 11,60 m lungime \u0219i 15,40 m l\u0103\u021bime, acest obiectiv f\u0103c\u00e2nd parte din proiectul de modernizare a str. Aurel Vlaicu (tronsonul II). Lucr\u0103rile vor fi executate de c\u0103tre Conest SA.<br \/>\nValoarea total\u0103 a proiectului este de 18,1 milioane lei, din care 5,6 milioane lei prin Programul Na\u021bional de Investi\u021bii Anghel Saligny.<br \/>\n\u00cen paralel, Kaufland Rom\u00e2nia va construi un pod pietonal de 3 metri l\u0103\u021bime, \u00eentre str. Ignat \u0219i parcarea magazinului din zona Doi B\u0103ie\u021bi \u2013 o investi\u021bie privat\u0103 asumat\u0103 prin HCL 379\/2020, ca r\u0103spuns la solicit\u0103rile clien\u021bilor.<br \/>\n\u201eAm cerut o bun\u0103 organizare \u0219i un ritm sus\u021binut al lucr\u0103rilor, pentru a minimiza disconfortul. Am discutat personal cu reprezentan\u021bii Kaufland Rom\u00e2nia \u2013 proiectul pietonal este confirmat \u0219i va fi derulat simultan cu cel al podului Aurel Vlaicu\u201d, a declarat primarul Mihai Chirica.<\/p>\n","protected":false},"excerpt":{"rendered":"<p>Prim\u0103ria Municipiului Ia\u0219i preg\u0103te\u0219te \u00eenceperea lucr\u0103rilor de demolare \u0219i reconstruire a podului Aurel Vlaicu, situat&#8230; <a class=\"meta-more\" href=\"https:\/\/infois.ro\/?p=81149\">more <span class=\"meta-nav\">&raquo;<\/span><\/a><\/p>\n","protected":false},"author":2,"featured_media":81150,"comment_status":"closed","ping_status":"closed","sticky":false,"template":"","format":"standard","meta":{"footnotes":""},"categories":[1,41],"tags":[74,2692,40,1210,18089],"aioseo_notices":[],"_links":{"self":[{"href":"https:\/\/infois.ro\/index.php?rest_route=\/wp\/v2\/posts\/81149"}],"collection":[{"href":"https:\/\/infois.ro\/index.php?rest_route=\/wp\/v2\/posts"}],"about":[{"href":"https:\/\/infois.ro\/index.php?rest_route=\/wp\/v2\/types\/post"}],"author":[{"embeddable":true,"href":"https:\/\/infois.ro\/index.php?rest_route=\/wp\/v2\/users\/2"}],"replies":[{"embeddable":true,"href":"https:\/\/infois.ro\/index.php?rest_route=%2Fwp%2Fv2%2Fcomments&post=81149"}],"version-history":[{"count":1,"href":"https:\/\/infois.ro\/index.php?rest_route=\/wp\/v2\/posts\/81149\/revisions"}],"predecessor-version":[{"id":81151,"href":"https:\/\/infois.ro\/index.php?rest_route=\/wp\/v2\/posts\/81149\/revisions\/81151"}],"wp:featuredmedia":[{"embeddable":true,"href":"https:\/\/infois.ro\/index.php?rest_route=\/wp\/v2\/media\/81150"}],"wp:attachment":[{"href":"https:\/\/infois.ro\/index.php?rest_route=%2Fwp%2Fv2%2Fmedia&parent=81149"}],"wp:term":[{"taxonomy":"category","embeddable":true,"href":"https:\/\/infois.ro\/index.php?rest_route=%2Fwp%2Fv2%2Fcategories&post=81149"},{"taxonomy":"post_tag","embeddable":true,"href":"https:\/\/infois.ro\/index.php?rest_route=%2Fwp%2Fv2%2Ftags&post=81149"}],"curies":[{"name":"wp","href":"https:\/\/api.w.org\/{rel}","templated":true}]}}