{"id":81237,"date":"2025-05-30T17:39:30","date_gmt":"2025-05-30T14:39:30","guid":{"rendered":"https:\/\/infois.ro\/?p=81237"},"modified":"2025-05-31T07:47:57","modified_gmt":"2025-05-31T04:47:57","slug":"intrare-libera-la-bojdeuca-de-ziua-internationala-a-copilului","status":"publish","type":"post","link":"https:\/\/infois.ro\/?p=81237","title":{"rendered":"Intrare liber\u0103 la Bojdeuc\u0103, de Ziua Interna\u021bional\u0103 a Copilului"},"content":{"rendered":"<p><img loading=\"lazy\" decoding=\"async\" class=\"size-medium wp-image-75878 alignleft\" src=\"http:\/\/infois.ro\/wp-content\/uploads\/2023\/12\/bojdeuca-reabilitata-6-1-390x260.jpg\" alt=\"\" width=\"390\" height=\"260\" srcset=\"https:\/\/infois.ro\/wp-content\/uploads\/2023\/12\/bojdeuca-reabilitata-6-1-390x260.jpg 390w, https:\/\/infois.ro\/wp-content\/uploads\/2023\/12\/bojdeuca-reabilitata-6-1.jpg 640w\" sizes=\"(max-width: 390px) 100vw, 390px\" \/><\/p>\n<p style=\"text-align: justify;\">Pe 1 iunie, \u00eentre orele 10-13, Bojdeuca lui Ion Creang\u0103 devine t\u0103r\u00e2mul copil\u0103riei! Intrarea la evenimentele organizate cu ocazia Zilei Interna\u021bionle a Copilului va fi liber\u0103.<br \/>\nAstfel, vizitatorii vor putea urm\u0103ri spectacolul \u201ePungu\u021ba cu doi bani\u201d \u2013 Teatrul \u201eLuceaf\u0103rul\u201d, momente artistice oferite de copiii talenta\u021bi ai \u0218colii de Art\u0103 Popular\u0103 \u201eTitel Popovici\u201d \u0219i de Ansamblul Folcloric de Copii \u0219i Tineret \u201eFlorile Moldovei\u201d, precum \u0219i un spectacol de magie.<br \/>\nDe asemenea, se vor desf\u0103\u0219ura \u0219i o serie de ateliere creative: educa\u021bie muzeal\u0103: \u201eAmintiri despre Creang\u0103\u201d \u0219i \u201eLegendele Bojdeucii\u201d, Ol\u0103rit, p\u0103pu\u0219i din p\u0103nu\u0219i \u0219i cus\u0103turi tradi\u021bionale, precum \u0219i jocuri educative despre ap\u0103.<\/p>\n","protected":false},"excerpt":{"rendered":"<p>Pe 1 iunie, \u00eentre orele 10-13, Bojdeuca lui Ion Creang\u0103 devine t\u0103r\u00e2mul copil\u0103riei! Intrarea la&#8230; <a class=\"meta-more\" href=\"https:\/\/infois.ro\/?p=81237\">more <span class=\"meta-nav\">&raquo;<\/span><\/a><\/p>\n","protected":false},"author":2,"featured_media":75878,"comment_status":"closed","ping_status":"closed","sticky":false,"template":"","format":"standard","meta":{"footnotes":""},"categories":[41,60],"tags":[74,6526,40,727,2378],"aioseo_notices":[],"_links":{"self":[{"href":"https:\/\/infois.ro\/index.php?rest_route=\/wp\/v2\/posts\/81237"}],"collection":[{"href":"https:\/\/infois.ro\/index.php?rest_route=\/wp\/v2\/posts"}],"about":[{"href":"https:\/\/infois.ro\/index.php?rest_route=\/wp\/v2\/types\/post"}],"author":[{"embeddable":true,"href":"https:\/\/infois.ro\/index.php?rest_route=\/wp\/v2\/users\/2"}],"replies":[{"embeddable":true,"href":"https:\/\/infois.ro\/index.php?rest_route=%2Fwp%2Fv2%2Fcomments&post=81237"}],"version-history":[{"count":1,"href":"https:\/\/infois.ro\/index.php?rest_route=\/wp\/v2\/posts\/81237\/revisions"}],"predecessor-version":[{"id":81238,"href":"https:\/\/infois.ro\/index.php?rest_route=\/wp\/v2\/posts\/81237\/revisions\/81238"}],"wp:featuredmedia":[{"embeddable":true,"href":"https:\/\/infois.ro\/index.php?rest_route=\/wp\/v2\/media\/75878"}],"wp:attachment":[{"href":"https:\/\/infois.ro\/index.php?rest_route=%2Fwp%2Fv2%2Fmedia&parent=81237"}],"wp:term":[{"taxonomy":"category","embeddable":true,"href":"https:\/\/infois.ro\/index.php?rest_route=%2Fwp%2Fv2%2Fcategories&post=81237"},{"taxonomy":"post_tag","embeddable":true,"href":"https:\/\/infois.ro\/index.php?rest_route=%2Fwp%2Fv2%2Ftags&post=81237"}],"curies":[{"name":"wp","href":"https:\/\/api.w.org\/{rel}","templated":true}]}}