{"id":81573,"date":"2025-07-17T08:42:52","date_gmt":"2025-07-17T05:42:52","guid":{"rendered":"https:\/\/infois.ro\/?p=81573"},"modified":"2025-07-18T08:46:34","modified_gmt":"2025-07-18T05:46:34","slug":"aeroportul-iasi-vizeaza-realizarea-unui-nou-parc-fotovoltaic","status":"publish","type":"post","link":"https:\/\/infois.ro\/?p=81573","title":{"rendered":"Aeroportul Ia\u0219i vizeaz\u0103 realizarea unui nou parc fotovoltaic"},"content":{"rendered":"<p><img loading=\"lazy\" decoding=\"async\" class=\"size-medium wp-image-81574 alignleft\" src=\"http:\/\/infois.ro\/wp-content\/uploads\/2025\/07\/parc-fotovoltaic-390x293.jpg\" alt=\"\" width=\"390\" height=\"293\" srcset=\"https:\/\/infois.ro\/wp-content\/uploads\/2025\/07\/parc-fotovoltaic-390x293.jpg 390w, https:\/\/infois.ro\/wp-content\/uploads\/2025\/07\/parc-fotovoltaic.jpg 640w\" sizes=\"(max-width: 390px) 100vw, 390px\" \/><\/p>\n<p style=\"text-align: justify;\">Continu\u0103 investi\u021biile \u00een sustenabilitate \u0219i eficien\u021b\u0103 energetic\u0103, la Aeroportul Interna\u021bional Ia\u0219i. A fost depus\u0103 cererea de finan\u021bare pentru al doilea parc fotovoltaic, o investi\u021bie major\u0103 \u00een valoare de 6 milioane de euro, din care 4 milioane provin din fonduri europene nerambursabile prin Fondul de Modernizare.<br \/>\nNoul parc va avea o capacitate instalat\u0103 de 4,42 MWp \u0219i va fi dotat cu un sistem de stocare \u00een baterii Li-ion de 4,73 MWh. Acesta va include aproximativ 7.550 panouri solare monocristaline (fiecare cu putere de 585 Wp), montate pe structur\u0103 fix\u0103.<br \/>\nEste al doilea proiect de acest tip al Aeroportului Ia\u0219i, dup\u0103 parcul de 1,3 MWp inaugurat \u00een 2023, tot cu sprijinul fondurilor europene.<br \/>\nNoua central\u0103 fotovoltaic\u0103 va acoperi p\u00e2n\u0103 la 95% din necesarul de energie electric\u0103 al aeroportului \u0219i va reduce emisiile de CO\u2082 cu peste 3.200 tone anual, echivalentul plant\u0103rii a peste 140.000 de copaci maturi. Aceast\u0103 contribu\u021bie major\u0103 la reducerea emisiilor de carbon aliniaz\u0103 Aeroportul Ia\u0219i la obiectivele climatice europene \u0219i la tranzi\u021bia spre un transport aerian mai curat \u0219i mai sustenabil.<br \/>\nPrin acest proiect, Aeroportul Ia\u0219i se afirm\u0103 ca lider na\u021bional \u00een infrastructura verde din sectorul aviatic, demonstr\u00e2nd angajamentul pentru inova\u021bie, autonomie energetic\u0103 \u0219i protejarea mediului.<\/p>\n","protected":false},"excerpt":{"rendered":"<p>Continu\u0103 investi\u021biile \u00een sustenabilitate \u0219i eficien\u021b\u0103 energetic\u0103, la Aeroportul Interna\u021bional Ia\u0219i. A fost depus\u0103 cererea&#8230; <a class=\"meta-more\" href=\"https:\/\/infois.ro\/?p=81573\">more <span class=\"meta-nav\">&raquo;<\/span><\/a><\/p>\n","protected":false},"author":2,"featured_media":81574,"comment_status":"closed","ping_status":"closed","sticky":false,"template":"","format":"standard","meta":{"footnotes":""},"categories":[6,41],"tags":[74,1394,40,17460,3112],"aioseo_notices":[],"_links":{"self":[{"href":"https:\/\/infois.ro\/index.php?rest_route=\/wp\/v2\/posts\/81573"}],"collection":[{"href":"https:\/\/infois.ro\/index.php?rest_route=\/wp\/v2\/posts"}],"about":[{"href":"https:\/\/infois.ro\/index.php?rest_route=\/wp\/v2\/types\/post"}],"author":[{"embeddable":true,"href":"https:\/\/infois.ro\/index.php?rest_route=\/wp\/v2\/users\/2"}],"replies":[{"embeddable":true,"href":"https:\/\/infois.ro\/index.php?rest_route=%2Fwp%2Fv2%2Fcomments&post=81573"}],"version-history":[{"count":1,"href":"https:\/\/infois.ro\/index.php?rest_route=\/wp\/v2\/posts\/81573\/revisions"}],"predecessor-version":[{"id":81575,"href":"https:\/\/infois.ro\/index.php?rest_route=\/wp\/v2\/posts\/81573\/revisions\/81575"}],"wp:featuredmedia":[{"embeddable":true,"href":"https:\/\/infois.ro\/index.php?rest_route=\/wp\/v2\/media\/81574"}],"wp:attachment":[{"href":"https:\/\/infois.ro\/index.php?rest_route=%2Fwp%2Fv2%2Fmedia&parent=81573"}],"wp:term":[{"taxonomy":"category","embeddable":true,"href":"https:\/\/infois.ro\/index.php?rest_route=%2Fwp%2Fv2%2Fcategories&post=81573"},{"taxonomy":"post_tag","embeddable":true,"href":"https:\/\/infois.ro\/index.php?rest_route=%2Fwp%2Fv2%2Ftags&post=81573"}],"curies":[{"name":"wp","href":"https:\/\/api.w.org\/{rel}","templated":true}]}}