{"id":82023,"date":"2025-09-15T19:17:47","date_gmt":"2025-09-15T16:17:47","guid":{"rendered":"https:\/\/infois.ro\/?p=82023"},"modified":"2025-09-16T09:25:37","modified_gmt":"2025-09-16T06:25:37","slug":"fundatia-solidaritate-si-speranta-iasi-anunta-lansarea-proiectului-social-acces-la-servicii-integrate","status":"publish","type":"post","link":"https:\/\/infois.ro\/?p=82023","title":{"rendered":"Funda\u021bia Solidaritate \u0219i Speran\u021b\u0103 Ia\u0219i anun\u021b\u0103 lansarea proiectului social Acces la servicii integrate"},"content":{"rendered":"<p><img loading=\"lazy\" decoding=\"async\" class=\" wp-image-82024 alignleft\" src=\"http:\/\/infois.ro\/wp-content\/uploads\/2025\/09\/proiect-390x98.jpg\" alt=\"\" width=\"617\" height=\"155\" srcset=\"https:\/\/infois.ro\/wp-content\/uploads\/2025\/09\/proiect-390x98.jpg 390w, https:\/\/infois.ro\/wp-content\/uploads\/2025\/09\/proiect.jpg 640w\" sizes=\"(max-width: 617px) 100vw, 617px\" \/><\/p>\n<p class=\"yiv5309855836ydpd7d467f6MsoNormal\" style=\"text-align: justify;\"><span style=\"font-size: medium;\"><b><span lang=\"EN-US\">Funda\u021bia\u00a0<i>Solidaritate \u0219i Speran\u021b\u0103\u00a0<\/i>Ia\u0219i<\/span><\/b><span lang=\"EN-US\">\u00a0anun\u021b\u0103 lansarea proiectului social\u00a0<b>Acces la servicii integrate<\/b><\/span><b><span lang=\"EN-US\">.\u00a0<\/span><\/b><span lang=\"EN-US\">Proiectul este finan\u021bat de\u00a0<b>Prim\u0103ria Municipiului Ia\u0219i<\/b>, prin Programul anual de finan\u021bare \u00een baza\u00a0<b>Legii 350\/2005\u00a0<\/b>pentru pentru anul 2025.<\/span><\/span><\/p>\n<p class=\"yiv5309855836ydpd7d467f6MsoNormal\" style=\"text-align: justify;\"><span style=\"font-size: medium;\"><b><span lang=\"EN-US\">Scopul\u00a0<\/span><\/b><span lang=\"EN-US\">proiectului este \u00eembun\u0103t\u0103\u021birea calit\u0103\u021bii vie\u021bii \u0219i dezvoltarea psiho \u2013 social\u0103 a unui num\u0103r de 18 persoane din Municipiul Ia\u0219i, aflate \u00een dificultate, defavorizate din punct de vedere economic \u015fi cu risc ridicat de marginalizare\/ excluziune social\u0103.<\/span><\/span><\/p>\n<p class=\"yiv5309855836ydpd7d467f6MsoNoSpacing\" style=\"text-align: justify;\"><span style=\"font-size: medium;\"><span lang=\"EN-US\">Obiectivul general al proiectului este oferirea de servicii sociale integrate pentru un num\u0103r de\u00a0<\/span><span lang=\"EN-GB\">18 persoane,<\/span><span lang=\"EN-US\">din Municipiul Ia\u015fi, cu importante probleme sociale.<\/span><\/span><\/p>\n<p class=\"yiv5309855836ydpd7d467f6MsoNormal\" style=\"text-align: justify;\"><b><span lang=\"EN-US\"><span style=\"font-size: medium;\">Obiectivele specifice\u00a0<\/span><\/span><\/b><span lang=\"EN-US\"><span style=\"font-size: medium;\">vizeaz\u0103 c<\/span><\/span><span style=\"font-size: medium;\"><span lang=\"EN-US\">re\u0219terea calit\u0103\u021bii vie\u021bii pentru unui num\u0103r de<\/span><span lang=\"EN-GB\">\u00a018 persoane,<\/span><span lang=\"EN-US\">\u00a0din Municipiul Ia\u015fi, cu probleme sociale grave prin acoperirea unor nevoi primare \u2013 cum ar fi:\u00a0<b>masa cald\u0103<\/b>, oferit\u0103 zilnic; a<\/span><\/span><span lang=\"EN-US\"><span style=\"font-size: medium;\">cordarea de servicii de\u00a0<b>consiliere social\u0103\u00a0<\/b>\u0219i\u00a0<b>psihologic\u0103\u00a0<\/b>pentru beneficiarii implica\u021bi \u00een proiect; d<\/span><\/span><span lang=\"EN-US\"><span style=\"font-size: medium;\">ezvoltarea abilit\u0103\u021bilor emo\u021bionale \u0219i sociale ale celor 18 de beneficiari; i<\/span><\/span><span style=\"font-size: medium;\"><span lang=\"EN-US\">ntegrarea\/ reintegrarea social<\/span>\u0103\u00a0<span lang=\"EN-US\">pentru un num\u0103r de\u00a0<\/span><span lang=\"EN-GB\">18 de persoane,<\/span><span lang=\"EN-US\">\u00a0din Municipiul Ia\u015fi, cu problem sociale severe.<\/span><\/span><\/p>\n<p class=\"yiv5309855836ydpd7d467f6MsoNoSpacing\" style=\"text-align: justify;\"><span lang=\"EN-US\"><span style=\"font-size: medium;\">\u00a0<\/span><\/span><span style=\"font-size: medium;\">Beneficiarii direc\u021bi ai proiectului sunt\u00a0<\/span><b style=\"font-size: medium;\">18 persoane<\/b><span style=\"font-size: medium;\">, din municipiul Ia\u0219i, printre care se num\u0103r\u0103 <\/span><span lang=\"EN-US\"><span style=\"font-size: medium;\">copii \u015fi adolescen\u0163i cu risc ridicat de abandon \u015fcolar \u015fi marginalizare social\u0103, proveni\u0163i din familii defavorizate (familii numeroase, familii monoparentale, familii cu un p\u0103rinte dependent de alcool \u015fi\/sau alte droguri, familii \u00een care un p\u0103rinte este cu dizabilit\u0103\u0163i); <\/span><\/span><span lang=\"EN-US\"><span style=\"font-size: medium;\">b\u0103tr\u00e2ni cu venituri reduse, cu grad ridicat de dependen\u0163\u0103 fizic\u0103 \u015fi psihic\u0103, f\u0103r\u0103 sprijin din partea familiei; <\/span><\/span><span lang=\"EN-US\"><span style=\"font-size: medium;\">persoane adulte \u00eencadrate \u00een grad de handicap, aflate \u00een imposibilitatea de a-\u015fi procura\/ prepara singure hrana; persoane f\u0103r\u0103 ad\u0103post.<\/span><\/span><\/p>\n<p class=\"yiv5309855836ydpd7d467f6MsoNormal\" style=\"text-align: justify;\"><b><span lang=\"EN-US\"><span style=\"font-size: medium;\">Principalele activit\u0103\u021bi pe care ni le propunem, pe durata proiectului, se vor desf\u0103\u0219ura astfel:<\/span><\/span><\/b><\/p>\n<p class=\"yiv5309855836ydpd7d467f6MsoNormal\" style=\"text-align: justify;\"><span style=\"font-size: medium;\"><span lang=\"EN-US\">Fiecare dintre cei 18 beneficiari va primi o mas\u0103 cald\u0103, format\u0103 din felul I, felul II \u0219i desert, zilnic, de luni p\u00e2n\u0103 vineri, timp de 3 luni, acoperind astfel o nevoie important\u0103, de baz\u0103 a acestora.\u00a0<\/span><span lang=\"EN-US\">Vom avea grij\u0103 ca masa preparat\u0103 s\u0103 fie \u00eendestul\u0103toare \u0219i hr\u0103nitoare iar meniurile zilnice s\u0103 fie variate. Toate meniurile vor fi servite la sediul Funda\u021biei \u0219i vor fi ambalate \u00een caserole individuale \u00eenso\u021bite de tac\u00e2muri de unic\u0103 folosin\u021b\u0103.<\/span><\/span><\/p>\n<p class=\"yiv5309855836ydpd7d467f6MsoNormal\" style=\"text-align: justify;\"><span lang=\"EN-US\"><span style=\"font-size: medium;\">At\u00e2t copiii c\u00e2t \u0219i b\u0103tr\u00e2nii sau adul\u021bii se vor bucura de servicii de consiliere psihologic\u0103 \u0219i social\u0103, cu scopul armoniz\u0103rii psiho-emo\u021bionale \u0219i dezvolt\u0103rii abilit\u0103\u021bilor de reintegrare social\u0103.\u00a0\u00a0\u00a0<\/span><\/span><\/p>\n<p class=\"yiv5309855836ydpd7d467f6MsoNormal\" style=\"text-align: justify;\"><span style=\"font-size: medium;\"><span lang=\"EN-US\">\u00cen cadrul\u00a0\u00a0\u015fedin\u0163elor de consiliere se va pune accentul pe identificarea \u0219i solu\u021bionarea problemelor specifice cu care se confrunt\u0103 beneficiarii \u0219i pe reintegrarea socio-profesional\u0103 a acestora, cu scopul reducerii dependen\u021bei de serviciile de asisten\u021b\u0103 social\u0103. Pentru aceasta, se urm\u0103re\u0219te trecerea beneficiarilor de la statutul de asistat social la statutul de persoan\u0103 \u2013 resurs\u0103 pentru societate, integra\u021bi din punct de vedere socio-profesional \u015fi orienta\u021bi spre dezvoltarea propriei persoane.<\/span><\/span><\/p>\n<p class=\"yiv5309855836ydpd7d467f6MsoNormal\" style=\"text-align: justify;\"><span lang=\"EN-US\"><span style=\"font-size: medium;\">Selec\u021bia beneficiarilor proiectului se va face \u021bin\u00e2nd cont de situa\u021biile cele mai grave identificate de c\u0103tre asistentul social \u0219i riscul cel mai mare la care sunt ace\u0219tia expu\u0219i.<\/span><\/span><\/p>\n<p class=\"yiv5309855836ydpd7d467f6MsoNormal\" style=\"text-align: justify;\"><span style=\"font-size: medium;\"><span lang=\"EN-US\">Perioada de implementare:\u00a0<\/span><b><span lang=\"EN-US\">15 septembrie-15 decembrie 2025<\/span><\/b><\/span><\/p>\n<p class=\"yiv5309855836ydpd7d467f6MsoNormal\" style=\"text-align: justify;\"><span lang=\"EN-US\"><span style=\"font-size: medium;\">Scopul Funda\u021biei\u00a0<i>Solidaritate \u0219i Speran\u021b\u0103\u00a0<\/i>este de a oferi servicii sociale de \u00eenalt\u0103 calitate, de a fi al\u0103turi de persoanele nevoia\u0219e prin sprijinirea lor material\u0103, emo\u021bional\u0103 \u0219i spritual\u0103, ajut\u00e2ndu-i\u00a0\u00a0s\u0103-\u0219i croiasc\u0103 o realitate mai frumoas\u0103, \u00een raport cu ostilit\u0103\u021bile vie\u021bii.<\/span><\/span><\/p>\n<p>&nbsp;<\/p>\n<p class=\"yiv5309855836ydpd7d467f6MsoNormal\" style=\"text-align: justify;\"><span lang=\"EN-US\"><span style=\"font-size: medium;\">\u00a0<\/span><\/span><\/p>\n","protected":false},"excerpt":{"rendered":"<p>Funda\u021bia\u00a0Solidaritate \u0219i Speran\u021b\u0103\u00a0Ia\u0219i\u00a0anun\u021b\u0103 lansarea proiectului social\u00a0Acces la servicii integrate.\u00a0Proiectul este finan\u021bat de\u00a0Prim\u0103ria Municipiului Ia\u0219i, prin&#8230; <a class=\"meta-more\" href=\"https:\/\/infois.ro\/?p=82023\">more <span class=\"meta-nav\">&raquo;<\/span><\/a><\/p>\n","protected":false},"author":2,"featured_media":82024,"comment_status":"closed","ping_status":"closed","sticky":false,"template":"","format":"standard","meta":{"footnotes":""},"categories":[32],"tags":[8164,3634,40,3112,2177],"aioseo_notices":[],"_links":{"self":[{"href":"https:\/\/infois.ro\/index.php?rest_route=\/wp\/v2\/posts\/82023"}],"collection":[{"href":"https:\/\/infois.ro\/index.php?rest_route=\/wp\/v2\/posts"}],"about":[{"href":"https:\/\/infois.ro\/index.php?rest_route=\/wp\/v2\/types\/post"}],"author":[{"embeddable":true,"href":"https:\/\/infois.ro\/index.php?rest_route=\/wp\/v2\/users\/2"}],"replies":[{"embeddable":true,"href":"https:\/\/infois.ro\/index.php?rest_route=%2Fwp%2Fv2%2Fcomments&post=82023"}],"version-history":[{"count":1,"href":"https:\/\/infois.ro\/index.php?rest_route=\/wp\/v2\/posts\/82023\/revisions"}],"predecessor-version":[{"id":82025,"href":"https:\/\/infois.ro\/index.php?rest_route=\/wp\/v2\/posts\/82023\/revisions\/82025"}],"wp:featuredmedia":[{"embeddable":true,"href":"https:\/\/infois.ro\/index.php?rest_route=\/wp\/v2\/media\/82024"}],"wp:attachment":[{"href":"https:\/\/infois.ro\/index.php?rest_route=%2Fwp%2Fv2%2Fmedia&parent=82023"}],"wp:term":[{"taxonomy":"category","embeddable":true,"href":"https:\/\/infois.ro\/index.php?rest_route=%2Fwp%2Fv2%2Fcategories&post=82023"},{"taxonomy":"post_tag","embeddable":true,"href":"https:\/\/infois.ro\/index.php?rest_route=%2Fwp%2Fv2%2Ftags&post=82023"}],"curies":[{"name":"wp","href":"https:\/\/api.w.org\/{rel}","templated":true}]}}