{"id":82497,"date":"2025-11-18T12:37:16","date_gmt":"2025-11-18T10:37:16","guid":{"rendered":"https:\/\/infois.ro\/?p=82497"},"modified":"2025-11-18T12:37:16","modified_gmt":"2025-11-18T10:37:16","slug":"primaria-municipiului-iasi-anunta-ca-au-inceput-inscrierile-pentru-urbanlab-for-green-cities-iasi","status":"publish","type":"post","link":"https:\/\/infois.ro\/?p=82497","title":{"rendered":"Prim\u0103ria Municipiului Ia\u0219i anun\u021b\u0103 c\u0103 au \u00eenceput \u00eenscrierile pentru UrbanLab for Green Cities &#8211; Ia\u0219i"},"content":{"rendered":"<p style=\"text-align: justify;\"><img loading=\"lazy\" decoding=\"async\" class=\"size-medium wp-image-82498 alignleft\" src=\"http:\/\/infois.ro\/wp-content\/uploads\/2025\/11\/urban-312x390.jpg\" alt=\"\" width=\"312\" height=\"390\" srcset=\"https:\/\/infois.ro\/wp-content\/uploads\/2025\/11\/urban-312x390.jpg 312w, https:\/\/infois.ro\/wp-content\/uploads\/2025\/11\/urban.jpg 640w\" sizes=\"(max-width: 312px) 100vw, 312px\" \/><\/p>\n<p style=\"text-align: justify;\">UrbanLab este un program na\u021bional de inovare urban\u0103 dedicat sustenabilit\u0103\u021bii, unde ideile curajoase devin solu\u021bii reale pentru ora\u0219e mai verzi. Participan\u021bii vor lucra \u00een echipe interdisciplinare, prin workshopuri interactive, sesiuni de co-creare, mentorat personalizat.<br \/>\n\u201eTransform\u0103-\u021bi ideea \u00eentr-un proiect pilot pentru ora\u0219ele verzi ale viitorului!<br \/>\nTe pasioneaz\u0103 sustenabilitatea, dezvoltarea urban\u0103, protec\u021bia mediului, urbanismul, tehnologia sau antreprenoriatul?<br \/>\nAtunci hai la UrbanLab Ia\u0219i! De ce s\u0103 te \u00eenscrii? \u00cenve\u021bi s\u0103 aplici principiile designului urban sustenabil. Lucrezi al\u0103turi de exper\u021bi \u0219i practicieni \u00een dezvoltare urban\u0103. Contribui la proiecte cu impact real asupra ora\u0219elor din Rom\u00e2nia\u201d, se arat\u0103 \u00een anun\u021bul municipalit\u0103\u021bii.<br \/>\n3 echipe vor fi selectate pentru a primi c\u00e2te 1.000 \u20ac pentru dezvoltarea ideii lor. \u00cen 2026, echipele c\u00e2\u0219tig\u0103toare vor intra \u00een UrbanLab Incubator, beneficiind de mentorat \u0219i suport pe durata a 3 luni.<br \/>\nScopul acestei competi\u021bii este transformarea solu\u021biilor \u00een proiecte pilot reale.<br \/>\n\u00cen luna noiembrie, UrbanLab va ajunge \u00een patru mari ora\u0219e din Rom\u00e2nia, fiecare g\u0103zduind c\u00e2te un ideathon de trei zile. La Ia\u0219i, evenimentul se va desf\u0103\u0219ura \u00een perioada 28-30 noiembrie 2025, \u00een sala mare a Prim\u0103riei<br \/>\nAfl\u0103 toate informa\u021biile de aici: urbanizehub.ro\/urbanlab2025<br \/>\nCompleteaz\u0103 chestionarul de \u00eenscriere: https:\/\/urbanizehub.typeform.com\/urbanlab2025<br \/>\nTermenul limit\u0103 de \u00eenscriere este duminic\u0103 23 noiembrie.<br \/>\nPartener strategic na\u021bional: NuclearElectrica<br \/>\nParteneri strategici locali: IULIUS, Aumovio, Asocia\u021bia Civica, Coali\u021bia Ia\u0219i NetZero City<br \/>\nPartener institu\u021bional: Prim\u0103ria Ia\u0219i<br \/>\nParteneri educa\u021bionali: Universitatea Tehnic\u0103 ,,Gheorghe Asachi\u201d &#8211; Facultatea de Arhitectur\u0103 \u201eG.M. Cantacuzino\u201d , Universitatea &#8221;Alexandru Ioan Cuza&#8221;<\/p>\n","protected":false},"excerpt":{"rendered":"<p>UrbanLab este un program na\u021bional de inovare urban\u0103 dedicat sustenabilit\u0103\u021bii, unde ideile curajoase devin solu\u021bii&#8230; <a class=\"meta-more\" href=\"https:\/\/infois.ro\/?p=82497\">more <span class=\"meta-nav\">&raquo;<\/span><\/a><\/p>\n","protected":false},"author":2,"featured_media":82498,"comment_status":"closed","ping_status":"closed","sticky":false,"template":"","format":"standard","meta":{"footnotes":""},"categories":[1,41],"tags":[74,40,18335,197,18334],"aioseo_notices":[],"_links":{"self":[{"href":"https:\/\/infois.ro\/index.php?rest_route=\/wp\/v2\/posts\/82497"}],"collection":[{"href":"https:\/\/infois.ro\/index.php?rest_route=\/wp\/v2\/posts"}],"about":[{"href":"https:\/\/infois.ro\/index.php?rest_route=\/wp\/v2\/types\/post"}],"author":[{"embeddable":true,"href":"https:\/\/infois.ro\/index.php?rest_route=\/wp\/v2\/users\/2"}],"replies":[{"embeddable":true,"href":"https:\/\/infois.ro\/index.php?rest_route=%2Fwp%2Fv2%2Fcomments&post=82497"}],"version-history":[{"count":1,"href":"https:\/\/infois.ro\/index.php?rest_route=\/wp\/v2\/posts\/82497\/revisions"}],"predecessor-version":[{"id":82499,"href":"https:\/\/infois.ro\/index.php?rest_route=\/wp\/v2\/posts\/82497\/revisions\/82499"}],"wp:featuredmedia":[{"embeddable":true,"href":"https:\/\/infois.ro\/index.php?rest_route=\/wp\/v2\/media\/82498"}],"wp:attachment":[{"href":"https:\/\/infois.ro\/index.php?rest_route=%2Fwp%2Fv2%2Fmedia&parent=82497"}],"wp:term":[{"taxonomy":"category","embeddable":true,"href":"https:\/\/infois.ro\/index.php?rest_route=%2Fwp%2Fv2%2Fcategories&post=82497"},{"taxonomy":"post_tag","embeddable":true,"href":"https:\/\/infois.ro\/index.php?rest_route=%2Fwp%2Fv2%2Ftags&post=82497"}],"curies":[{"name":"wp","href":"https:\/\/api.w.org\/{rel}","templated":true}]}}