{"id":82538,"date":"2025-11-21T11:59:49","date_gmt":"2025-11-21T09:59:49","guid":{"rendered":"https:\/\/infois.ro\/?p=82538"},"modified":"2025-11-21T11:59:49","modified_gmt":"2025-11-21T09:59:49","slug":"primaria-a-demarat-pregatirile-specifice-sarbatorilor-de-iarna","status":"publish","type":"post","link":"https:\/\/infois.ro\/?p=82538","title":{"rendered":"Prim\u0103ria a demarat preg\u0103tirile specifice S\u0103rb\u0103torilor de Iarn\u0103"},"content":{"rendered":"<p style=\"text-align: justify;\"><img loading=\"lazy\" decoding=\"async\" class=\"size-medium wp-image-8872 alignleft\" src=\"http:\/\/infois.ro\/wp-content\/uploads\/2013\/12\/actiuni-de-sarbatori-259x300.jpg\" alt=\"\" width=\"259\" height=\"300\" srcset=\"https:\/\/infois.ro\/wp-content\/uploads\/2013\/12\/actiuni-de-sarbatori-259x300.jpg 259w, https:\/\/infois.ro\/wp-content\/uploads\/2013\/12\/actiuni-de-sarbatori.jpg 640w\" sizes=\"(max-width: 259px) 100vw, 259px\" \/><\/p>\n<p style=\"text-align: justify;\">Ziua Na\u021bional\u0103 a Rom\u00e2niei, luni, 1 decembrie 2025, va fi marcat\u0103 la la\u015fi printr-o serie de manifest\u0103ri oficiale de tradi\u0163ie, dar \u015fi prin deschiderea amenaj\u0103rilor specifice organizate de Prim\u0103ria Municipiului Ia\u0219i cu ocazia S\u0103rb\u0103torilor de Iarn\u0103.<br \/>\nAprinderea iluminatului festiv montat cu ocazia S\u0103rb\u0103torilor de Iarn\u0103 va avea loc la ora 17.00, \u00een zona bradului de pe pietonalul \u0218tefan cel Mare \u0219i Sf\u00e2nt, \u00een fa\u021ba sediului Prim\u0103riei Municipiului Ia\u0219i.<br \/>\nServicii Publice SA a cump\u0103rat pentru aceast\u0103 iarn\u0103 850 de brazi \u00een ghivece (300 cu dimensiunea de 100 \u2013 125 de centimetri, 400 cu dimensiunea de 80 \u2013 100 de centimetri \u0219i 150 cu dimensiunea de 60 cm \u2013 80 de centimetri), care vor fi orna\u021bi \u0219i amplasa\u021bi \u00een toate zonele ora\u0219ului.<br \/>\nDoi brazi mari cu \u00een\u0103l\u021bimea de peste 12 metri vor fi monta\u021bi pe pietonalul \u0218tefan cel Mare \u0219i \u00een Pia\u021ba Unirii. \u00cen cartiere, la centrele de cartier ale Prim\u0103riei, P\u0103curari (Mimoza), T\u0103t\u0103ra\u0219i (Oancea), CUG (Rond vechi), Nicolina (Esplanada I), Alexandru cel Bun (Pia\u021ba Voievozilor), Podu Ro\u0219, Ateneu \u0219i alte puncte de atrac\u021bie vor fi amplasa\u021bi al\u021bi 12 brazi cu \u00een\u0103l\u021bimea \u00eentre 7 \u0219i 12 metri. La \u0219coli \u0219i alte institu\u021bii vor fi monta\u021bi al\u021bi 12 brazi cu \u00een\u0103l\u021bimea \u00eentre 3 \u0219i 4 metri. To\u021bi ace\u0219ti brazi vor fi orna\u021bi cu instala\u021bii luminoase.<br \/>\nPunctele principale de atrac\u021bie r\u0103m\u00e2n pietonalul \u0218tefan cel Mare \u0219i Sf\u00e2nt, unde vor fi montate tuneluri din cetin\u0103 cu instala\u021bii luminoase, \u0219i Pia\u021ba Unirii, deasupra c\u0103reia este deja montat\u0103 o plas\u0103 luminoas\u0103.<br \/>\nPentru crearea tunelurilor din fa\u021ba Prim\u0103riei, pentru mobilierul urban \u0219i pentru st\u00e2lpii de iluminat public vor fi utilizate circa 14 tone de cetin\u0103.<br \/>\nT\u00e2rgul de Cr\u0103ciun \u015fi parcul de distrac\u0163ii vor fi organizate pe axa bulevardul \u015etefan cel Mare \u015fi Sf\u00e2nt \u0219i strada I.C. Br\u0103tianu, unde vor fi montate roata panoramic\u0103 \u0219i 40 de c\u0103su\u021be ornate cu lumini\u021be.<\/p>\n","protected":false},"excerpt":{"rendered":"<p>Ziua Na\u021bional\u0103 a Rom\u00e2niei, luni, 1 decembrie 2025, va fi marcat\u0103 la la\u015fi printr-o serie&#8230; <a class=\"meta-more\" href=\"https:\/\/infois.ro\/?p=82538\">more <span class=\"meta-nav\">&raquo;<\/span><\/a><\/p>\n","protected":false},"author":2,"featured_media":8872,"comment_status":"closed","ping_status":"closed","sticky":false,"template":"","format":"standard","meta":{"footnotes":""},"categories":[1,41],"tags":[74,3785,40,6292,197,1397,3684],"aioseo_notices":[],"_links":{"self":[{"href":"https:\/\/infois.ro\/index.php?rest_route=\/wp\/v2\/posts\/82538"}],"collection":[{"href":"https:\/\/infois.ro\/index.php?rest_route=\/wp\/v2\/posts"}],"about":[{"href":"https:\/\/infois.ro\/index.php?rest_route=\/wp\/v2\/types\/post"}],"author":[{"embeddable":true,"href":"https:\/\/infois.ro\/index.php?rest_route=\/wp\/v2\/users\/2"}],"replies":[{"embeddable":true,"href":"https:\/\/infois.ro\/index.php?rest_route=%2Fwp%2Fv2%2Fcomments&post=82538"}],"version-history":[{"count":1,"href":"https:\/\/infois.ro\/index.php?rest_route=\/wp\/v2\/posts\/82538\/revisions"}],"predecessor-version":[{"id":82539,"href":"https:\/\/infois.ro\/index.php?rest_route=\/wp\/v2\/posts\/82538\/revisions\/82539"}],"wp:featuredmedia":[{"embeddable":true,"href":"https:\/\/infois.ro\/index.php?rest_route=\/wp\/v2\/media\/8872"}],"wp:attachment":[{"href":"https:\/\/infois.ro\/index.php?rest_route=%2Fwp%2Fv2%2Fmedia&parent=82538"}],"wp:term":[{"taxonomy":"category","embeddable":true,"href":"https:\/\/infois.ro\/index.php?rest_route=%2Fwp%2Fv2%2Fcategories&post=82538"},{"taxonomy":"post_tag","embeddable":true,"href":"https:\/\/infois.ro\/index.php?rest_route=%2Fwp%2Fv2%2Ftags&post=82538"}],"curies":[{"name":"wp","href":"https:\/\/api.w.org\/{rel}","templated":true}]}}