{"id":83035,"date":"2026-03-05T11:20:17","date_gmt":"2026-03-05T09:20:17","guid":{"rendered":"https:\/\/infois.ro\/?p=83035"},"modified":"2026-03-05T11:32:54","modified_gmt":"2026-03-05T09:32:54","slug":"eveniment-dedicat-zilei-internationale-a-femeii-organizat-de-municipalitate","status":"publish","type":"post","link":"https:\/\/infois.ro\/?p=83035","title":{"rendered":"Eveniment dedicat Zilei Interna\u021bionale a Femeii, organizat de municipalitate"},"content":{"rendered":"<p><img loading=\"lazy\" decoding=\"async\" class=\"size-medium wp-image-83036 alignleft\" src=\"http:\/\/infois.ro\/wp-content\/uploads\/2026\/03\/afis-268x390.jpg\" alt=\"\" width=\"268\" height=\"390\" srcset=\"https:\/\/infois.ro\/wp-content\/uploads\/2026\/03\/afis-268x390.jpg 268w, https:\/\/infois.ro\/wp-content\/uploads\/2026\/03\/afis.jpg 640w\" sizes=\"(max-width: 268px) 100vw, 268px\" \/><\/p>\n<p style=\"text-align: justify;\">Cu ocazia Zilei Interna\u021bionale a Femeii, Prim\u0103ria Municipiului Ia\u0219i, prin Direc\u021bia de Asisten\u021b\u0103 Social\u0103, \u00ee\u0219i propune s\u0103 ofere momente de bucurie pentru femeile care provin din familii defavorizate \u0219i s\u0103 eviden\u021bieze importan\u021ba lor \u00een comunitatea ie\u0219ean\u0103.<br \/>\nAstfel, duminic\u0103, 8 martie 2026, de la ora 11:00, \u00een Sala Mare \u201eRadu Beligan\u201d a Ateneului Na\u021bional din Ia\u0219i va avea loc cea de-a XIV-a edi\u021bie a evenimentului dedicat Zilei Interna\u021bionale a Femeii.<br \/>\nVor fi oferite carnete de tichete sociale \u00een valoare de 100 lei \u0219i flori pentru aproximativ 300 de doamne care beneficiaz\u0103 de aloca\u021bie de sus\u021binere a familiei sau de venit minim de incluziune.<br \/>\nEvenimentul va include momente artistice sus\u021binute de Forma\u021bia \u201eBel Art\u201d, Corul Soprano Music Academy, Trupa Quasar \u0219i arti\u0219tii Ira Sacenco \u0219i Aurelian Holera.<\/p>\n","protected":false},"excerpt":{"rendered":"<p>Cu ocazia Zilei Interna\u021bionale a Femeii, Prim\u0103ria Municipiului Ia\u0219i, prin Direc\u021bia de Asisten\u021b\u0103 Social\u0103, \u00ee\u0219i&#8230; <a class=\"meta-more\" href=\"https:\/\/infois.ro\/?p=83035\">more <span class=\"meta-nav\">&raquo;<\/span><\/a><\/p>\n","protected":false},"author":2,"featured_media":83036,"comment_status":"closed","ping_status":"closed","sticky":false,"template":"","format":"standard","meta":{"footnotes":""},"categories":[17,41],"tags":[6750,74,40,3108,6749],"aioseo_notices":[],"_links":{"self":[{"href":"https:\/\/infois.ro\/index.php?rest_route=\/wp\/v2\/posts\/83035"}],"collection":[{"href":"https:\/\/infois.ro\/index.php?rest_route=\/wp\/v2\/posts"}],"about":[{"href":"https:\/\/infois.ro\/index.php?rest_route=\/wp\/v2\/types\/post"}],"author":[{"embeddable":true,"href":"https:\/\/infois.ro\/index.php?rest_route=\/wp\/v2\/users\/2"}],"replies":[{"embeddable":true,"href":"https:\/\/infois.ro\/index.php?rest_route=%2Fwp%2Fv2%2Fcomments&post=83035"}],"version-history":[{"count":1,"href":"https:\/\/infois.ro\/index.php?rest_route=\/wp\/v2\/posts\/83035\/revisions"}],"predecessor-version":[{"id":83037,"href":"https:\/\/infois.ro\/index.php?rest_route=\/wp\/v2\/posts\/83035\/revisions\/83037"}],"wp:featuredmedia":[{"embeddable":true,"href":"https:\/\/infois.ro\/index.php?rest_route=\/wp\/v2\/media\/83036"}],"wp:attachment":[{"href":"https:\/\/infois.ro\/index.php?rest_route=%2Fwp%2Fv2%2Fmedia&parent=83035"}],"wp:term":[{"taxonomy":"category","embeddable":true,"href":"https:\/\/infois.ro\/index.php?rest_route=%2Fwp%2Fv2%2Fcategories&post=83035"},{"taxonomy":"post_tag","embeddable":true,"href":"https:\/\/infois.ro\/index.php?rest_route=%2Fwp%2Fv2%2Ftags&post=83035"}],"curies":[{"name":"wp","href":"https:\/\/api.w.org\/{rel}","templated":true}]}}