{"id":83038,"date":"2026-03-05T11:24:26","date_gmt":"2026-03-05T09:24:26","guid":{"rendered":"https:\/\/infois.ro\/?p=83038"},"modified":"2026-03-05T11:24:26","modified_gmt":"2026-03-05T09:24:26","slug":"in-ultimii-10-ani-au-fost-desfiintate-circa-1-200-de-constructii-si-amenajari-ilegale-din-iasi","status":"publish","type":"post","link":"https:\/\/infois.ro\/?p=83038","title":{"rendered":"\u00cen ultimii 10 ani, au fost desfiin\u021bate circa 1.200 de construc\u021bii \u0219i amenaj\u0103ri ilegale din Ia\u0219i"},"content":{"rendered":"<p style=\"text-align: justify;\"><img loading=\"lazy\" decoding=\"async\" class=\"size-medium wp-image-83039 alignleft\" src=\"http:\/\/infois.ro\/wp-content\/uploads\/2026\/03\/garaj-ilegal-390x293.jpg\" alt=\"\" width=\"390\" height=\"293\" srcset=\"https:\/\/infois.ro\/wp-content\/uploads\/2026\/03\/garaj-ilegal-390x293.jpg 390w, https:\/\/infois.ro\/wp-content\/uploads\/2026\/03\/garaj-ilegal.jpg 640w\" sizes=\"(max-width: 390px) 100vw, 390px\" \/><\/p>\n<p style=\"text-align: justify;\">\nAproape 1.200 de construc\u021bii \u0219i amenaj\u0103ri ilegale au fost dezafectate \u0219i \u00eendep\u0103rtate de pe domeniul public al Municipiului Ia\u0219i \u00een ultimii 10 ani. Acestea acoper\u0103 \u00eentreaga gam\u0103 de \u201eimproviza\u021bii\u201d posibile \u00een mediul urban, de la garaje \u0219i parcaje amenajate ilegal \u0219i construc\u021bii f\u0103r\u0103 autoriza\u021bie la module comerciale \u0219i \u00eemprejmuiri improvizate.<br \/>\n\u201e\u00cenc\u0103 de c\u00e2nd am devenit primar mi-am asumat s\u0103 facem din Ia\u0219i un ora\u0219 curat, verde, \u00eengrijit \u0219i civilizat! Iat\u0103 de ce am f\u0103cut o verificare am\u0103nun\u021bit\u0103 a tuturor construc\u021biilor \u0219i amenaj\u0103rilor ilegale din ora\u0219, iar acolo unde erau nereguli am fost fermi \u0219i am aplicat legea! Am f\u0103cut-o discret, f\u0103r\u0103 circ mediatic, f\u0103r\u0103 tam-tam, dar cu seriozitate \u0219i responsabilitate, \u00een litera \u0219i spiritul legii, pas cu pas. Iar rezultatele se v\u0103d de la lun\u0103 la lun\u0103, de la an la an! Vom continua \u00een tot ora\u0219ul!\u201d, a declarat primarul Mihai Chirica.<br \/>\nPoli\u021bia Local\u0103 a realizat recent o situa\u021bie a celor 1.186 construc\u021bii \u0219i amenaj\u0103ri desfiin\u021bate de pe domeniul public al Municipiului Ia\u0219i \u00een ultimii 10 ani: garaje construite ilegal &#8211; 378 (din care 101 garaje tip Somaco, 235 garaje din confec\u021bie metalic\u0103 \u0219i 42 garaje din zid\u0103rie); parcaje neautorizate &#8211; 75; alte construc\u021bii construite ilegal &#8211; 24; mansarde, acoperi\u0219uri \u0219i imobile de locuit construite ilegal &#8211; 10; chio\u0219curi \u0219i module, puncte de lucru \u0219i prest\u0103ri servicii sau produc\u021bie ilegal amenajate &#8211; 40; \u00eemprejmuiri construite ilegal \u00eentre blocuri &#8211; 643; \u00eemprejmuiri de cur\u021bi improvizate &#8211; 16.<br \/>\nToate acestea au fost identificate fie de Poli\u021bia Local\u0103 ori de alte structuri ale Prim\u0103riei Municipiului Ia\u0219i, fie de ie\u0219eni care au reclamat municipalit\u0103\u021bii existen\u021ba lor \u0219i au cerut intrarea \u00een legalitate \u0219i normalitate.<br \/>\n\u00cen urma tuturor verific\u0103rilor de legalitate \u0219i dup\u0103 epuizarea tuturor \u00eencerc\u0103rilor de solu\u021bionare amiabil\u0103, mare parte a acestor construc\u021bii \u0219i amenaj\u0103ri au fost dezafectate prin dispozi\u021bie a primarului. Celelalte au fost demolate de c\u0103tre proprietari pe cheltuial\u0103 proprie, \u00een urma notific\u0103rilor trimise de municipalitate.<br \/>\nO parte dintre garaje \u0219i construc\u021bii au fost realizate ilegal pe spa\u0163iul verde, iar multe din aceste construc\u0163ii erau folosite ca spa\u0163ii de depozitare pentru de\u015feuri menajere sau de alt\u0103 natur\u0103, afect\u00e2nd calitatea mediului, precum \u0219i aspectul domeniului public.<br \/>\nPe cele mai multe dintre spa\u021biile astfel eliberate au fost amenajate fie locuri de parcare, fie spa\u021bii verzi. \u00cen ceea ce prive\u0219te \u00eemprejmuirile ilegale dintre blocuri, dup\u0103 dezafectarea acestora au fost amenajate spa\u021bii verzi urbane \u0219i moderne.<\/p>\n","protected":false},"excerpt":{"rendered":"<p>Aproape 1.200 de construc\u021bii \u0219i amenaj\u0103ri ilegale au fost dezafectate \u0219i \u00eendep\u0103rtate de pe domeniul&#8230; <a class=\"meta-more\" href=\"https:\/\/infois.ro\/?p=83038\">more <span class=\"meta-nav\">&raquo;<\/span><\/a><\/p>\n","protected":false},"author":2,"featured_media":83039,"comment_status":"closed","ping_status":"closed","sticky":false,"template":"","format":"standard","meta":{"footnotes":""},"categories":[1,41],"tags":[74,18410,6969,18409,40,2476,10691],"aioseo_notices":[],"_links":{"self":[{"href":"https:\/\/infois.ro\/index.php?rest_route=\/wp\/v2\/posts\/83038"}],"collection":[{"href":"https:\/\/infois.ro\/index.php?rest_route=\/wp\/v2\/posts"}],"about":[{"href":"https:\/\/infois.ro\/index.php?rest_route=\/wp\/v2\/types\/post"}],"author":[{"embeddable":true,"href":"https:\/\/infois.ro\/index.php?rest_route=\/wp\/v2\/users\/2"}],"replies":[{"embeddable":true,"href":"https:\/\/infois.ro\/index.php?rest_route=%2Fwp%2Fv2%2Fcomments&post=83038"}],"version-history":[{"count":1,"href":"https:\/\/infois.ro\/index.php?rest_route=\/wp\/v2\/posts\/83038\/revisions"}],"predecessor-version":[{"id":83040,"href":"https:\/\/infois.ro\/index.php?rest_route=\/wp\/v2\/posts\/83038\/revisions\/83040"}],"wp:featuredmedia":[{"embeddable":true,"href":"https:\/\/infois.ro\/index.php?rest_route=\/wp\/v2\/media\/83039"}],"wp:attachment":[{"href":"https:\/\/infois.ro\/index.php?rest_route=%2Fwp%2Fv2%2Fmedia&parent=83038"}],"wp:term":[{"taxonomy":"category","embeddable":true,"href":"https:\/\/infois.ro\/index.php?rest_route=%2Fwp%2Fv2%2Fcategories&post=83038"},{"taxonomy":"post_tag","embeddable":true,"href":"https:\/\/infois.ro\/index.php?rest_route=%2Fwp%2Fv2%2Ftags&post=83038"}],"curies":[{"name":"wp","href":"https:\/\/api.w.org\/{rel}","templated":true}]}}