{"id":83049,"date":"2026-03-05T18:04:58","date_gmt":"2026-03-05T16:04:58","guid":{"rendered":"https:\/\/infois.ro\/?p=83049"},"modified":"2026-03-06T09:08:20","modified_gmt":"2026-03-06T07:08:20","slug":"agenda-culturala-ieseana-4","status":"publish","type":"post","link":"https:\/\/infois.ro\/?p=83049","title":{"rendered":"Agenda cultural\u0103 ie\u0219ean\u0103"},"content":{"rendered":"<p style=\"text-align: justify;\"><img loading=\"lazy\" decoding=\"async\" class=\"size-medium wp-image-83050 alignleft\" src=\"http:\/\/infois.ro\/wp-content\/uploads\/2026\/03\/opera-390x222.jpg\" alt=\"\" width=\"390\" height=\"222\" srcset=\"https:\/\/infois.ro\/wp-content\/uploads\/2026\/03\/opera-390x222.jpg 390w, https:\/\/infois.ro\/wp-content\/uploads\/2026\/03\/opera-139x80.jpg 139w, https:\/\/infois.ro\/wp-content\/uploads\/2026\/03\/opera-140x80.jpg 140w, https:\/\/infois.ro\/wp-content\/uploads\/2026\/03\/opera.jpg 640w\" sizes=\"(max-width: 390px) 100vw, 390px\" \/><\/p>\n<p style=\"text-align: justify;\">Afi\u0219ul s\u0103pt\u0103m\u00e2nii culturale cuprinde numeroase reprezentan\u021bii teatrale \u0219i spectacole de oper\u0103, al\u0103turi de concerte simfonice \u0219i expozi\u021bii de art\u0103 plastic\u0103.<br \/>\n<strong>Ateneul Na\u021bional Ia\u0219i<\/strong><br \/>\n\u2022 S\u00e2mb\u0103t\u0103, 7 martie 2026, ora 19:00 &#8211; premiera spectacolului de teatru \u201eFreelancer Love story\u201d, regia Ion Sapdaru, Sala Mare de Spectacole \u201eRadu Beligan\u201d;<br \/>\n\u2022 Duminic\u0103, 8 martie 2026, ora 19:00 &#8211; spectacolul de teatru \u201eTake, Ianke \u0219i Cad\u00eer\u201d, regia Ion Sapdaru, Sala Unirii.<br \/>\n\u2022 Luni, 9 martie 2026, ora 19:00 &#8211; \u201eFarmazonul din H\u00eerl\u0103u\u201d, regia Ion Sapdaru, Sala Mare de Spectacole \u201eRadu Beligan\u201d;<br \/>\n\u2022 Mar\u021bi, 10 martie 2026, ora 19:00 &#8211; spectacolul de teatru \u201eSteaua f\u0103r\u0103 nume\u201d, regia Andrei Ciobanu, Sala Unirii;<br \/>\n\u2022 Joi, 12 martie 2026, ora 19:00 &#8211; spectacolul de teatru \u201eR\u0103d\u0103cini\u201d, regia Erica Moldovan, Sala Unirii;<br \/>\n\u2022 S\u00e2mb\u0103t\u0103, 14 martie 2026, ora 11:00 &#8211; spectacol de teatru pentru copii \u201eBelle \u0219i Bestia\u201d, la Sala Mare de Spectacole \u201eRadu Beligan\u201d;<br \/>\n\u2022 Duminic\u0103, 15 martie, ora 11:00 &#8211; spectacolul de teatru pentru copii \u201eSarea \u00een bucate\u201d, regia Erica Moldovan, Sala Mare de Spectacole \u201eRadu Beligan\u201d.<br \/>\n<strong>Centrul Cultural German Ia\u0219i<\/strong><br \/>\n\u2022 S\u00e2mb\u0103t\u0103, 14 martie 2026, ora 19:00 &#8211; Concert extraordinar \u201eNils Kugelmann Trio &amp; Shuteen Erdenebaatar\u201d, \u00een Aula Bibliotecii Centrale Universitare \u201cMihai Eminescu\u201d \u2013 Ia\u0219i.<br \/>\n<strong>Filarmonica \u201eMoldova\u201d Ia\u0219i<\/strong><br \/>\n\u2022 Vineri, 6 martie 2026, ora 19:00 &#8211; concert simfonic, orchestra simfonic\u0103 va interpreta piese muzicale din crea\u021bia compozitorilor Ludwig van Beethoven, Wolfgang Amadeus Mozart, Reinhold Gli\u00e8re, dirijor Gottfried Rabl, solist Luiza Borac, la Casa de Cultur\u0103 a Studen\u021bilor Ia\u015fi;<br \/>\n\u2022 Vineri,13 martie 2026, ora 19:00 &#8211; concert simfonic, orchestra simfonic\u0103 va interpreta piese muzicale din crea\u021bia compozitorilor Fran\u00e7ois-Joseph Gossec, Niccol\u00f2 Piccinni, Ludwig van Beethoven, Joseph Haydn, dirijor Radu Post\u0103varu, solist Ion Bogdan \u0218tef\u0103nescu, la Casa de Cultur\u0103 a Studen\u021bilor Ia\u015fi.<br \/>\n<strong>Gr\u0103dina Botanic\u0103 \u201eAnastasie F\u0103tu\u201d Ia\u0219i<\/strong><br \/>\n\u2022 13 februarie \u2013 15 martie 2026, orele 11:00 &#8211; 17:00 &#8211; Cea de-a 51-a edi\u0163ie a \u201cExpozi\u0163iei de plante exotice\u201d, \u00een compartimentele Complexului de Sere, str. Dumbrava Ro\u0219ie nr. 7-9, IA\u0218I.<br \/>\n<strong>Institut fran\u00e7ais de Roumanie \u00e0 Ia\u015fi<\/strong><br \/>\n\u2022 Vineri, 6 martie, ora 18:00 &#8211; proiec\u021bie de film \u201eBrancusi : les m\u00e9tamorphoses de la sculpture\u201d de Alain Fleischer, co-produc\u021bie ARTE France, Le Fresnoy, Artline Films, Centre Pompidou (2024), Centrul Interna\u021bional de Art\u0103 Contemporan\u0103 &#8211; Baia Turceasc\u0103 Ia\u0219i.<br \/>\n<strong>Opera Na\u021bional\u0103 Rom\u00e2n\u0103 Ia\u0219i<\/strong><br \/>\n\u2022 Vineri, 6 martie 2026, ora 18:30 \u015fi S\u00e2mb\u0103t\u0103, 7 martie 2026, ora 18:30 \u2013 \u201cLes Indes galantes\u201d de Jean \u2013 Philippe Rameau, regia Andrei \u0218erban;<br \/>\n\u2022 Mar\u0163i, 10 martie 2026, ora 18:30 \u2013 \u201cConcert la Palat\u201d, Palatul Culturii Ia\u015fi \u2013 Holul de Onoare.<br \/>\n<strong>Teatrul pentru Copii \u0219i Tineret \u201eLuceaf\u0103rul\u201d Ia\u0219i<\/strong><br \/>\n\u2022 Duminic\u0103, 8 martie 2026, ora 11:00 \u2013 \u201cCroitora\u0219ul cel Viteaz\u201d, spectacol \u00een sala mare a Teatrului \u201eLuceaf\u0103rul\u201d Ia\u0219i;<br \/>\n\u2022 Duminic\u0103, 8 martie 2026, ora 17:30 \u2013 \u201eRidichea uria\u0219\u0103\u201d, spectacol \u00een sala mic\u0103 a Teatrului \u201eLuceaf\u0103rul\u201d Ia\u0219i;<br \/>\n\u2022 Miercuri, 11 martie 2026, ora 17:00 \u2013 \u201eIona\u201d, spectacol \u00een sala mic\u0103 a Teatrului \u201eLuceaf\u0103rul\u201d Ia\u0219i;<br \/>\n\u2022 Joi, 12 martie 2026, ora 17:30 \u2013 \u201eR\u0103\u021bu\u0219ca cea ur\u00e2t\u0103\u201d, spectacol \u00een sala mic\u0103 a Teatrului \u201eLuceaf\u0103rul\u201d Ia\u0219i;<br \/>\n\u2022 Duminic\u0103, 15 martie 2026, ora 11:00 \u2013 \u201eFrumoasa din p\u0103durea adormit\u0103\u201d, spectacol \u00een sala mare a Teatrului \u201eLuceaf\u0103rul\u201d Ia\u0219i;<br \/>\n\u2022 Duminic\u0103, 15 martie 2026, ora 17:30 \u2013 \u201eDe ziua lui Pinocchio\u201d, spectacol \u00een sala mic\u0103 a Teatrului \u201eLuceaf\u0103rul\u201d Ia\u0219i.<br \/>\n<strong>Teatrul Na\u021bional \u201eVasile Alecsandri\u201d Ia\u0219i<\/strong><br \/>\n\u2022 S\u00e2mb\u0103t\u0103, 7 martie 2026, ora 19:00, Duminica, 8 martie 2026, ora 19:00 \u015fi Luni, 9 martie 2026, ora 19:00 \u2013 premier\u0103 \u201cDigul \u0219i alte povestiri\u201d dup\u0103 Gy\u00f6rgy Dragom\u00e1n, regia Radu Afrim, Sala Teatru Cub;<br \/>\n\u2022 Mar\u0163i, 10 martie 2026, ora 19:30 \u2013 \u201cVenirea\u201d de Valeriu Stancu, regia Ion Sapdaru, Sala Uzina cu Teatru;<br \/>\n\u2022 Joi, 12 martie 2026, ora 19:00 \u2013 \u201eA fost sau n-a fost?\u201d de Corneliu Porumboiu, regia Ion Sapdaru, Sala Teatru Cub;<br \/>\n\u2022 Vineri, 13 martie 2026, ora 19:30 \u2013 \u201eTake a seat\u201d, regia Alice Veliche \u0219i Alexandru Radu, Sala Uzina cu Teatru;<br \/>\n\u2022 S\u00e2mb\u0103t\u0103, 14 martie 2026, ora 19:00 \u015fi Duminic\u0103, 15 martie 2026, ora 19:00 \u2013 \u201eFemeia \u2013 c\u00e2mp de lupt\u0103\u201d de Matei Vi\u0219niec, regia Botond Nagy, Sala Teatru Cub.<br \/>\n<strong>Uniunea Arti\u0219tilor Plastici din Rom\u00e2nia \u2013 Filiala Ia\u0219i<\/strong><br \/>\n\u2022 20 februarie \u2013 19 martie 2026 &#8211; expozi\u021biei \u201eCatharsis\u201d, semnat\u0103 de artista Ana Maria Negar\u0103, Galeria de Art\u0103 \u201eTh. Pallady\u201d a U.A.P.R. Filiala Ia\u0219i;<br \/>\n\u2022 15 ianuarie \u2013 20 martie 2026 \u2013 expozi\u0163ia \u201cSuntem aici\u201d, Palatul Braunstein.<\/p>\n","protected":false},"excerpt":{"rendered":"<p>Afi\u0219ul s\u0103pt\u0103m\u00e2nii culturale cuprinde numeroase reprezentan\u021bii teatrale \u0219i spectacole de oper\u0103, al\u0103turi de concerte simfonice&#8230; <a class=\"meta-more\" href=\"https:\/\/infois.ro\/?p=83049\">more <span class=\"meta-nav\">&raquo;<\/span><\/a><\/p>\n","protected":false},"author":2,"featured_media":83050,"comment_status":"closed","ping_status":"closed","sticky":false,"template":"","format":"standard","meta":{"footnotes":""},"categories":[17,41],"tags":[74,10812,803,1618,40,65],"aioseo_notices":[],"_links":{"self":[{"href":"https:\/\/infois.ro\/index.php?rest_route=\/wp\/v2\/posts\/83049"}],"collection":[{"href":"https:\/\/infois.ro\/index.php?rest_route=\/wp\/v2\/posts"}],"about":[{"href":"https:\/\/infois.ro\/index.php?rest_route=\/wp\/v2\/types\/post"}],"author":[{"embeddable":true,"href":"https:\/\/infois.ro\/index.php?rest_route=\/wp\/v2\/users\/2"}],"replies":[{"embeddable":true,"href":"https:\/\/infois.ro\/index.php?rest_route=%2Fwp%2Fv2%2Fcomments&post=83049"}],"version-history":[{"count":1,"href":"https:\/\/infois.ro\/index.php?rest_route=\/wp\/v2\/posts\/83049\/revisions"}],"predecessor-version":[{"id":83051,"href":"https:\/\/infois.ro\/index.php?rest_route=\/wp\/v2\/posts\/83049\/revisions\/83051"}],"wp:featuredmedia":[{"embeddable":true,"href":"https:\/\/infois.ro\/index.php?rest_route=\/wp\/v2\/media\/83050"}],"wp:attachment":[{"href":"https:\/\/infois.ro\/index.php?rest_route=%2Fwp%2Fv2%2Fmedia&parent=83049"}],"wp:term":[{"taxonomy":"category","embeddable":true,"href":"https:\/\/infois.ro\/index.php?rest_route=%2Fwp%2Fv2%2Fcategories&post=83049"},{"taxonomy":"post_tag","embeddable":true,"href":"https:\/\/infois.ro\/index.php?rest_route=%2Fwp%2Fv2%2Ftags&post=83049"}],"curies":[{"name":"wp","href":"https:\/\/api.w.org\/{rel}","templated":true}]}}