{"id":83067,"date":"2026-03-09T15:04:08","date_gmt":"2026-03-09T13:04:08","guid":{"rendered":"https:\/\/infois.ro\/?p=83067"},"modified":"2026-03-09T15:04:08","modified_gmt":"2026-03-09T13:04:08","slug":"uaic-va-conferi-titlul-de-doctor-honoris-causa-doamnei-ana-blandiana-membru-titular-al-academiei-romane","status":"publish","type":"post","link":"https:\/\/infois.ro\/?p=83067","title":{"rendered":"UAIC va conferi titlul de Doctor Honoris Causa doamnei Ana Blandiana, membru titular al Academiei Rom\u00e2ne"},"content":{"rendered":"<p><img loading=\"lazy\" decoding=\"async\" class=\"size-medium wp-image-83068 alignleft\" src=\"http:\/\/infois.ro\/wp-content\/uploads\/2026\/03\/ana-blandiana-276x390.jpg\" alt=\"\" width=\"276\" height=\"390\" srcset=\"https:\/\/infois.ro\/wp-content\/uploads\/2026\/03\/ana-blandiana-276x390.jpg 276w, https:\/\/infois.ro\/wp-content\/uploads\/2026\/03\/ana-blandiana.jpg 640w\" sizes=\"(max-width: 276px) 100vw, 276px\" \/><\/p>\n<p style=\"text-align: justify;\">Universitatea \u201eAlexandru Ioan Cuza\u201d din Ia\u015fi (UAIC) va conferi luni, 16 martie 2026, ora 14.00, \u00een Sala Senatului, titlul de Doctor Honoris Causa doamnei Ana Blandiana, membru titular al Academiei Rom\u00e2ne.<\/p>\n<p style=\"text-align: justify;\">Poet\u0103, prozatoare, eseist\u0103 \u0219i publicist\u0103, Ana Blandiana este o personalitate cultural\u0103 de prestigiu, apreciat\u0103 at\u00e2t \u00een Rom\u00e2nia, c\u00e2t \u0219i pe plan interna\u021bional, laureat\u0103 a numeroase \u0219i importante premii \u0219i distinc\u021bii literare, precum: Premiul de poezie al Academiei Rom\u00e2ne (1970), Premiul Interna\u021bional \u201eHerder\u201d, Viena (1982), Premiul Na\u021bional de Poezie \u201eMihai Eminescu\u201d (1997), Premiul de poezie al Uniunii Scriitorilor (2000), Premiul Interna\u021bional Vilenica, Slovenia (2002), Premiul Interna\u021bional pentru Poezie \u201eGiuseppe Acerbi\u201d, Italia (2005), Premiul Interna\u021bional de Poezie \u201eCamaiore\u201d, Italia (2005), Premiul Revistei Observator Cultural pentru Memorialistic\u0103 (2014), Distinc\u021bia \u0219i Premiul \u201ePoetul European al Libert\u0103\u021bii\u201d, Gda\u0144sk (2016), Premiul Griffin pentru excelen\u021b\u0103 \u00een poezie , Toronto (2018), Premiul \u201eCununa de Aur\u201d, Struga (2019), Premiul \u201eJan Smrek\u201d, Bratislava (2019), Premiul Interna\u021bional \u201eFondazione Terzo Pilastro\u201d, Roma (2020) etc.<\/p>\n<p style=\"text-align: justify;\">Ana Blandiana este apreciat\u0103 \u00een Rom\u00e2nia \u0219i pe plan interna\u021bional nu doar pentru contribu\u021biile \u00een literatur\u0103 \u0219i publicistic\u0103, ci \u0219i pentru implicarea civic\u0103 \u00een perioade dificile, pentru protestul \u00eempotriva unui regim opresiv care i-a marcat via\u021ba \u0219i cariera.<\/p>\n<p style=\"text-align: justify;\">Dup\u0103 debutul literar din revista \u201eTribuna\u201d (1959), Ana Blandiana a fost supus\u0103, de-a lungul anilor, la trei interdic\u021bii de publicare: \u00eentre anii 1959-1964, ca fiic\u0103 a unui de\u021binut politic; \u00een anul 1985, pentru publicarea a patru poezii \u00een revista \u201eAmfiteatru\u201d. A treia interdic\u021bie dateaz\u0103 din perioada 1988\u20131989, ca urmare a public\u0103rii unei poezii pentru copii, interpretate ca o parodie la adresa dictatorului comunist.<\/p>\n<p style=\"text-align: justify;\">\u00cen martie 1990, Ana Blandiana a contribuit la re\u00eenfiin\u021barea PEN Clubul Rom\u00e2n, organiza\u021bie pe care a condus-o \u00een calitate de pre\u0219edinte \u00eentre 1990 \u0219i 2004, devenind ulterior pre\u0219edinte de onoare.<\/p>\n<p style=\"text-align: justify;\">\u00cen noiembrie 1990, Ana Blandiana s-a num\u0103rat printre ini\u021biatorii Alian\u021bei Civice, organiza\u021bie pe care a condus-o \u00een calitate de pre\u0219edinte \u00eentre 1991 \u0219i 2001.<\/p>\n<p style=\"text-align: justify;\">\u00cen 1993, \u00eempreun\u0103 cu so\u021bul s\u0103u, scriitorul Romulus Rusan, a ini\u021biat \u0219i realizat, sub egida Consiliului Europei, primul Memorial al Victimelor Comunismului \u0219i al Rezisten\u021bei din lume (Sighet, Rom\u00e2nia).<\/p>\n<p style=\"text-align: justify;\">Un an mai t\u00e2rziu, \u00een 1994, a \u00eenfiin\u021bat Funda\u021bia Academia Civic\u0103, organiza\u021bie neguvernamental\u0103 care administreaz\u0103 Memorialul de la Sighet \u0219i pe care o conduce \u00een calitate de pre\u0219edinte \u00eenc\u0103 de la fondare.<\/p>\n<p style=\"text-align: justify;\">Ana Blandiana a fost distins\u0103, de-a lungul timpului, cu numeroase titluri de Doctor Honoris Causa, acordate de universit\u0103\u021bi prestigioase din Rom\u00e2nia \u0219i din str\u0103in\u0103tate, ca recunoa\u0219tere a contribu\u021biei sale remarcabile la literatura rom\u00e2n\u0103 \u0219i la via\u021ba civic\u0103. Printre institu\u021biile care i-au conferit aceast\u0103 distinc\u021bie se num\u0103r\u0103: Universitatea de Vest din Timi\u0219oara (2014), Universitatea Babe\u0219-Bolyai din Cluj-Napoca (2016), Universitatea din Salamanca (2020) etc.<\/p>\n<p style=\"text-align: justify;\">Prin acordarea titlului de Doctor Honoris Causa doamnei Ana Blandiana, Universitatea \u201eAlexandru Ioan Cuza\u201d din Ia\u0219i onoreaz\u0103 o personalitate de prestigiu a comunit\u0103\u021bii literare, care \u0219i-a pus amprenta \u00een mod decisiv asupra literaturii contemporane, contribuind la necesara metamorfoz\u0103 a societ\u0103\u021bii rom\u00e2ne\u0219ti postdecembriste.<\/p>\n<p style=\"text-align: justify;\">Mar\u021bi, 17 martie 2026, la ora 17.00, \u00een Aula Magna \u201eMihai Eminescu\u201d a UAIC, doamna Ana Blandiana va sus\u021bine conferin\u021ba \u201ePoezie \u0219i proz\u0103 sau despre ce se vede \u00een oglind\u0103\u201d.<\/p>\n","protected":false},"excerpt":{"rendered":"<p>Universitatea \u201eAlexandru Ioan Cuza\u201d din Ia\u015fi (UAIC) va conferi luni, 16 martie 2026, ora 14.00,&#8230; <a class=\"meta-more\" href=\"https:\/\/infois.ro\/?p=83067\">more <span class=\"meta-nav\">&raquo;<\/span><\/a><\/p>\n","protected":false},"author":2,"featured_media":83068,"comment_status":"closed","ping_status":"closed","sticky":false,"template":"","format":"standard","meta":{"footnotes":""},"categories":[12,41],"tags":[74,12028,4224,40,6648],"aioseo_notices":[],"_links":{"self":[{"href":"https:\/\/infois.ro\/index.php?rest_route=\/wp\/v2\/posts\/83067"}],"collection":[{"href":"https:\/\/infois.ro\/index.php?rest_route=\/wp\/v2\/posts"}],"about":[{"href":"https:\/\/infois.ro\/index.php?rest_route=\/wp\/v2\/types\/post"}],"author":[{"embeddable":true,"href":"https:\/\/infois.ro\/index.php?rest_route=\/wp\/v2\/users\/2"}],"replies":[{"embeddable":true,"href":"https:\/\/infois.ro\/index.php?rest_route=%2Fwp%2Fv2%2Fcomments&post=83067"}],"version-history":[{"count":1,"href":"https:\/\/infois.ro\/index.php?rest_route=\/wp\/v2\/posts\/83067\/revisions"}],"predecessor-version":[{"id":83069,"href":"https:\/\/infois.ro\/index.php?rest_route=\/wp\/v2\/posts\/83067\/revisions\/83069"}],"wp:featuredmedia":[{"embeddable":true,"href":"https:\/\/infois.ro\/index.php?rest_route=\/wp\/v2\/media\/83068"}],"wp:attachment":[{"href":"https:\/\/infois.ro\/index.php?rest_route=%2Fwp%2Fv2%2Fmedia&parent=83067"}],"wp:term":[{"taxonomy":"category","embeddable":true,"href":"https:\/\/infois.ro\/index.php?rest_route=%2Fwp%2Fv2%2Fcategories&post=83067"},{"taxonomy":"post_tag","embeddable":true,"href":"https:\/\/infois.ro\/index.php?rest_route=%2Fwp%2Fv2%2Ftags&post=83067"}],"curies":[{"name":"wp","href":"https:\/\/api.w.org\/{rel}","templated":true}]}}