{"id":83070,"date":"2026-03-09T15:08:46","date_gmt":"2026-03-09T13:08:46","guid":{"rendered":"https:\/\/infois.ro\/?p=83070"},"modified":"2026-03-09T15:08:46","modified_gmt":"2026-03-09T13:08:46","slug":"umf-iasi-lanseaza-platforma-alumni-dedicata-absolventilor-universitatii","status":"publish","type":"post","link":"https:\/\/infois.ro\/?p=83070","title":{"rendered":"UMF Ia\u0219i lanseaz\u0103 platforma Alumni dedicat\u0103 absolven\u021bilor universit\u0103\u021bii"},"content":{"rendered":"<p><img loading=\"lazy\" decoding=\"async\" class=\"size-medium wp-image-83071 alignleft\" src=\"http:\/\/infois.ro\/wp-content\/uploads\/2026\/03\/alumni-390x222.jpg\" alt=\"\" width=\"390\" height=\"222\" srcset=\"https:\/\/infois.ro\/wp-content\/uploads\/2026\/03\/alumni-390x222.jpg 390w, https:\/\/infois.ro\/wp-content\/uploads\/2026\/03\/alumni-139x80.jpg 139w, https:\/\/infois.ro\/wp-content\/uploads\/2026\/03\/alumni-140x80.jpg 140w, https:\/\/infois.ro\/wp-content\/uploads\/2026\/03\/alumni.jpg 640w\" sizes=\"(max-width: 390px) 100vw, 390px\" \/><\/p>\n<p style=\"text-align: justify;\">Universitatea de Medicin\u0103 \u0219i Farmacie \u201eGrigore T. Popa\u201d din Ia\u0219i a lansat platforma online Alumni, un spa\u021biu digital dedicat absolven\u021bilor institu\u021biei, menit s\u0103 consolideze leg\u0103tura dintre genera\u021biile de medici, farmaci\u0219ti \u0219i speciali\u0219ti forma\u021bi \u00een cadrul universit\u0103\u021bii. Platforma poate fi accesat\u0103 la adresa https:\/\/alumni.umfiasi.ro\/.<\/p>\n<p style=\"text-align: justify;\">Ini\u021biativa are ca obiectiv crearea unei re\u021bele active \u0219i conectate a absolven\u021bilor, facilit\u00e2nd dialogul \u00eentre ace\u0219tia \u0219i comunitatea academic\u0103, dar \u0219i promovarea parcursurilor profesionale ale celor care au contribuit la prestigiul \u0219colii ie\u0219ene de medicin\u0103. Absolven\u021bii universit\u0103\u021bii se pot \u00eenscrie pe platform\u0103 complet\u00e2nd formularul disponibil la https:\/\/alumni.umfiasi.ro\/alatura-te\/.<\/p>\n<p style=\"text-align: justify;\">Prof. univ. dr. Viorel Scripcariu, rectorul UMF Ia\u0219i, \u00eei invit\u0103 pe fo\u0219tii studen\u021bi s\u0103 se al\u0103ture acestei ini\u021biative \u0219i subliniaz\u0103 importan\u021ba consolid\u0103rii leg\u0103turii dintre absolven\u021bi \u0219i Alma Mater. \u201eAm pl\u0103cerea de a v\u0103 invita s\u0103 v\u0103 al\u0103tura\u021bi comunit\u0103\u021bii Alumni a Universit\u0103\u021bii de Medicin\u0103 \u0219i Farmacie \u00abGrigore T. Popa\u00bb din Ia\u0219i, prin intermediul noii platforme dedicate absolven\u021bilor universit\u0103\u021bii noastre. Completarea formularului dureaz\u0103 doar c\u00e2teva minute \u0219i reprezint\u0103 un prim pas \u00een consolidarea unei re\u021bele vii \u0219i conectate de absolven\u021bi. Aceast\u0103 ini\u021biativ\u0103 \u00ee\u0219i propune s\u0103 apropie genera\u021biile de absolven\u021bi de Alma Mater, s\u0103 faciliteze dialogul \u00een cadrul comunit\u0103\u021bii academice \u0219i s\u0103 pun\u0103 \u00een valoare parcursurile profesionale ale celor care au contribuit \u0219i continu\u0103 s\u0103 contribuie la prestigiul \u0219colii ie\u0219ene de medicin\u0103\u201d.<\/p>\n<p style=\"text-align: justify;\">Potrivit conducerii universit\u0103\u021bii, prezen\u021ba absolven\u021bilor pe aceast\u0103 platform\u0103 va contribui la dezvoltarea unei comunit\u0103\u021bi active \u0219i vizibile, \u00een care experien\u021ba \u0219i realiz\u0103rile profesionale ale acestora pot deveni o surs\u0103 de inspira\u021bie pentru genera\u021biile viitoare de studen\u021bi.<\/p>\n<p style=\"text-align: justify;\">De asemenea, absolven\u021bii care doresc s\u0103 se implice mai mult \u00een sus\u021binerea proiectelor universit\u0103\u021bii pot sprijini ini\u021biativele acesteia prin dona\u021bii c\u0103tre Funda\u021bia \u201eGr. T. Popa\u201d Ia\u0219i.<\/p>\n","protected":false},"excerpt":{"rendered":"<p>Universitatea de Medicin\u0103 \u0219i Farmacie \u201eGrigore T. Popa\u201d din Ia\u0219i a lansat platforma online Alumni,&#8230; <a class=\"meta-more\" href=\"https:\/\/infois.ro\/?p=83070\">more <span class=\"meta-nav\">&raquo;<\/span><\/a><\/p>\n","protected":false},"author":2,"featured_media":83071,"comment_status":"closed","ping_status":"closed","sticky":false,"template":"","format":"standard","meta":{"footnotes":""},"categories":[12,41],"tags":[74,40,18414,245],"aioseo_notices":[],"_links":{"self":[{"href":"https:\/\/infois.ro\/index.php?rest_route=\/wp\/v2\/posts\/83070"}],"collection":[{"href":"https:\/\/infois.ro\/index.php?rest_route=\/wp\/v2\/posts"}],"about":[{"href":"https:\/\/infois.ro\/index.php?rest_route=\/wp\/v2\/types\/post"}],"author":[{"embeddable":true,"href":"https:\/\/infois.ro\/index.php?rest_route=\/wp\/v2\/users\/2"}],"replies":[{"embeddable":true,"href":"https:\/\/infois.ro\/index.php?rest_route=%2Fwp%2Fv2%2Fcomments&post=83070"}],"version-history":[{"count":1,"href":"https:\/\/infois.ro\/index.php?rest_route=\/wp\/v2\/posts\/83070\/revisions"}],"predecessor-version":[{"id":83072,"href":"https:\/\/infois.ro\/index.php?rest_route=\/wp\/v2\/posts\/83070\/revisions\/83072"}],"wp:featuredmedia":[{"embeddable":true,"href":"https:\/\/infois.ro\/index.php?rest_route=\/wp\/v2\/media\/83071"}],"wp:attachment":[{"href":"https:\/\/infois.ro\/index.php?rest_route=%2Fwp%2Fv2%2Fmedia&parent=83070"}],"wp:term":[{"taxonomy":"category","embeddable":true,"href":"https:\/\/infois.ro\/index.php?rest_route=%2Fwp%2Fv2%2Fcategories&post=83070"},{"taxonomy":"post_tag","embeddable":true,"href":"https:\/\/infois.ro\/index.php?rest_route=%2Fwp%2Fv2%2Ftags&post=83070"}],"curies":[{"name":"wp","href":"https:\/\/api.w.org\/{rel}","templated":true}]}}