{"id":83457,"date":"2026-04-28T15:28:41","date_gmt":"2026-04-28T12:28:41","guid":{"rendered":"https:\/\/infois.ro\/?p=83457"},"modified":"2026-04-28T15:28:41","modified_gmt":"2026-04-28T12:28:41","slug":"tilia-summitul-oraselor-din-romania-a-reunit-la-iasi-peste-900-de-participanti-fizic-si-online-intr-o-dezbatere-despre-viitorul-oraselor","status":"publish","type":"post","link":"https:\/\/infois.ro\/?p=83457","title":{"rendered":"TILIA \u2013 Summitul Ora\u0219elor din Rom\u00e2nia a reunit la Ia\u0219i peste 900 de participan\u021bi fizic \u0219i online, \u00eentr-o dezbatere despre viitorul ora\u0219elor"},"content":{"rendered":"<p><img loading=\"lazy\" decoding=\"async\" class=\"size-medium wp-image-83403 alignleft\" src=\"http:\/\/infois.ro\/wp-content\/uploads\/2026\/04\/TILIA-Summitul-Oraselor-din-Romania-03-390x260.jpg\" alt=\"\" width=\"390\" height=\"260\" srcset=\"https:\/\/infois.ro\/wp-content\/uploads\/2026\/04\/TILIA-Summitul-Oraselor-din-Romania-03-390x260.jpg 390w, https:\/\/infois.ro\/wp-content\/uploads\/2026\/04\/TILIA-Summitul-Oraselor-din-Romania-03.jpg 640w\" sizes=\"(max-width: 390px) 100vw, 390px\" \/><\/p>\n<ul>\n<li style=\"text-align: justify;\"><strong>Prima edi\u021bie a summitului organizat de Funda\u021bia IULIUS, \u00een parteneriat cu BERD, a adus la aceea\u0219i mas\u0103 primari, arhitec\u021bi, urbani\u0219ti, reprezentan\u021bi ai administra\u021biei centrale, ai institu\u021biilor financiare interna\u021bionale, ai mediului de business, academic \u0219i ai societ\u0103\u021bii civile.<\/strong><\/li>\n<li style=\"text-align: justify;\"><strong>Ora\u0219ele fericite se construiesc prin \u00eencredere, natur\u0103, mobilitate inteligent\u0103 \u0219i spa\u021bii publice care aduc oamenii \u00eempreun\u0103 &#8211; una dintre concluziile principale ale summitului.<\/strong><\/li>\n<li style=\"text-align: justify;\"><strong>Fondurile europene, parteneriatele public-private \u0219i colaborarea dintre administra\u021bie \u0219i mediul privat sunt esen\u021biale pentru transformarea viziunii urbane \u00een proiecte concrete.<\/strong><\/li>\n<\/ul>\n<p style=\"text-align: justify;\"><strong>\u00a0<\/strong><\/p>\n<p style=\"text-align: justify;\">Ia\u0219i, 28 aprilie 2026 \u2013 Prima edi\u021bie TILIA \u2013 Today\u2019s Ideas and Leadership in Action (Summitul Ora\u0219elor din Rom\u00e2nia), organizat\u0103 de Funda\u021bia IULIUS, \u00een parteneriat cu Banca European\u0103 pentru Reconstruc\u021bie \u0219i Dezvoltare (BERD), pe 23 \u0219i 24 aprilie, la Palatul Culturii din Ia\u0219i, a adunat 600 de participan\u021bi fizic \u0219i peste 300 online, \u00eentr-un format care a conectat administra\u021bia local\u0103 \u0219i central\u0103, arhitec\u021bi, urbani\u0219ti, exper\u021bi \u00een finan\u021bare interna\u021bional\u0103, mediul de business, academic \u0219i societatea civil\u0103.<\/p>\n<p style=\"text-align: justify;\">\n<p style=\"text-align: justify;\">Cum pot cre\u0219te ora\u0219ele Rom\u00e2niei f\u0103r\u0103 s\u0103 \u00ee\u0219i piard\u0103 oamenii, memoria \u0219i energia? Cum pot deveni mai verzi, mai bine conectate, mai prietenoase \u0219i, \u00een acela\u0219i timp, mai capabile s\u0103 atrag\u0103 investi\u021bii, talente \u0219i proiecte de infrastructur\u0103? Acestea au fost c\u00e2teva dintre \u00eentreb\u0103rile care au deschis dezbaterea de dou\u0103 zile propus\u0103 de TILIA \u0219i care au adus \u00eempreun\u0103 perspective care, de multe ori, r\u0103m\u00e2n separate \u00een dezbaterea public\u0103.<\/p>\n<p style=\"text-align: justify;\"><img loading=\"lazy\" decoding=\"async\" class=\"size-medium wp-image-83459 alignright\" src=\"http:\/\/infois.ro\/wp-content\/uploads\/2026\/04\/TILIA-Summitul-Oraselor-din-Romania-Iasi-23-24-aprilie-2026-3-390x260.jpg\" alt=\"\" width=\"390\" height=\"260\" srcset=\"https:\/\/infois.ro\/wp-content\/uploads\/2026\/04\/TILIA-Summitul-Oraselor-din-Romania-Iasi-23-24-aprilie-2026-3-390x260.jpg 390w, https:\/\/infois.ro\/wp-content\/uploads\/2026\/04\/TILIA-Summitul-Oraselor-din-Romania-Iasi-23-24-aprilie-2026-3.jpg 640w\" sizes=\"(max-width: 390px) 100vw, 390px\" \/><\/p>\n<p style=\"text-align: justify;\">Summitul TILIA a abordat dezvoltarea urban\u0103 din dou\u0103 perspective complementare. Dac\u0103 prima zi a fost dedicat\u0103 viziunii, designului urban, arhitecturii, mobilit\u0103\u021bii \u0219i bun\u0103st\u0103rii \u00een ora\u0219e, cea de-a doua zi a pus accent pe solu\u021bii concrete, infrastructur\u0103, finan\u021bare, fonduri europene \u0219i mecanisme de parteneriat public-privat.<\/p>\n<p style=\"text-align: justify;\">\n<p style=\"text-align: justify;\"><strong>Ora\u0219ele fericite se construiesc prin \u00eencredere, natur\u0103 \u0219i mobilitate inteligent\u0103<\/strong><\/p>\n<p style=\"text-align: justify;\"><img loading=\"lazy\" decoding=\"async\" class=\"size-medium wp-image-83460 alignleft\" src=\"http:\/\/infois.ro\/wp-content\/uploads\/2026\/04\/Charles-Montgomery-390x260.jpg\" alt=\"\" width=\"390\" height=\"260\" srcset=\"https:\/\/infois.ro\/wp-content\/uploads\/2026\/04\/Charles-Montgomery-390x260.jpg 390w, https:\/\/infois.ro\/wp-content\/uploads\/2026\/04\/Charles-Montgomery.jpg 640w\" sizes=\"(max-width: 390px) 100vw, 390px\" \/><\/p>\n<p style=\"text-align: justify;\">Invitatul special al summitului, <strong>Charles Montgomery<\/strong>, autorul c\u0103r\u021bii <em>Ora\u0219ul Fericit<\/em> \u0219i unul dintre cei mai influen\u021bi urbani\u0219ti la nivel interna\u021bional, a vorbit despre leg\u0103tura direct\u0103 dintre designul urban, \u00eencrederea social\u0103 \u0219i bun\u0103starea oamenilor. \u00cen prezentarea sa, intitulat\u0103 \u201e\u015etiin\u0163a ora\u015felor fericite \u015fi bun\u0103starea oamenilor\u201d, Charles Montgomery a ar\u0103tat c\u0103 <strong>\u201edesignul urban dicteaz\u0103 comportamentul, iar ora\u015fele pe care le construim ast\u0103zi ne pot apropia sau, dimpotriv\u0103, ne pot izola\u201d<\/strong>, iar <strong>\u201eatunci c\u00e2nd punem ma\u015finile \u00een centrul ora\u015fului, pierdem spa\u0163iu, libertate \u015fi, \u00een cele din urm\u0103, fericire\u201d<\/strong>. Urbanistul a dat drept exemple transformarea Times Square din New York, \u00eendep\u0103rtarea ma\u015finilor din jurul \u015fcolilor din Paris \u015fi ideea cartierelor f\u0103r\u0103 parc\u0103ri, ca modele prin care tehnologia \u015fi mobilitatea alternativ\u0103 pot recupera spa\u0163iul urban pentru oameni.<\/p>\n<p style=\"text-align: justify;\">\n<p style=\"text-align: justify;\">O perspectiv\u0103 complementar\u0103 a fost adus\u0103 de echipa <strong>Foster + Partners<\/strong>, una dintre cele mai influente voci ale arhitecturii mondiale, care a sus\u021binut la TILIA un masterclass despre repere globale pentru un design urban responsabil. <strong>Stefan Behling<\/strong>, Senior Executive Partner Foster + Partners, recunoscut pentru proiecte emblematice precum Apple Park, sediul Parlamentului Germaniei \u0219i Aeroportul Interna\u021bional din Kuweit, a vorbit despre nevoia de a reconecta ora\u0219ele cu natura \u0219i cu experien\u021bele reale ale oamenilor. <strong>\u201eArhitectura nu \u00eenseamn\u0103 doar cl\u0103diri, ci experien\u021be: trebuie s\u0103 red\u0103m ora\u0219ele oamenilor \u0219i s\u0103 cre\u0103m spa\u021bii de care ace\u0219tia s\u0103 se poat\u0103 bucura cu adev\u0103rat. Trebuie s\u0103 creezi experien\u021be pentru ca oamenii s\u0103 se bucure de spa\u021biile din ora\u0219e. C\u0103ut\u0103m s\u0103 cre\u0103m locuri mai s\u0103n\u0103toase pentru oameni, prin care s\u0103 ajut\u0103m natura s\u0103 se \u00eentoarc\u0103 \u00een ora\u0219e\u201d<\/strong>.<\/p>\n<p style=\"text-align: justify;\"><img loading=\"lazy\" decoding=\"async\" class=\"size-medium wp-image-83461 alignright\" src=\"http:\/\/infois.ro\/wp-content\/uploads\/2026\/04\/Stefan-Behling-Senior-Executive-Partner-Foster-Partners-1-390x260.jpg\" alt=\"\" width=\"390\" height=\"260\" srcset=\"https:\/\/infois.ro\/wp-content\/uploads\/2026\/04\/Stefan-Behling-Senior-Executive-Partner-Foster-Partners-1-390x260.jpg 390w, https:\/\/infois.ro\/wp-content\/uploads\/2026\/04\/Stefan-Behling-Senior-Executive-Partner-Foster-Partners-1.jpg 640w\" sizes=\"(max-width: 390px) 100vw, 390px\" \/><\/p>\n<p style=\"text-align: justify;\">\u00cen cadrul summitului, Foster + Partners a prezentat \u0219i o serie de idei strategice pentru proiectul de remodelare a Palas Ia\u0219i, cu accent pe respectarea mo\u0219tenirii istorice a locului, crearea de spa\u021bii pietonale, mai mult\u0103 natur\u0103 \u0219i o mai bun\u0103 conectare a ansamblului cu Palatul Culturii.<\/p>\n<p style=\"text-align: justify;\">\n<p style=\"text-align: justify;\"><strong>Raluca Munteanu<\/strong>, Director de Dezvoltare IULIUS, a prezentat \u00een cadrul TILIA proiectele dezvoltate de companie \u0219i viziunea care le st\u0103 la baz\u0103, aceea c\u0103 marile transform\u0103ri urbane pornesc din curaj, \u00eencredere \u0219i capacitatea de a vedea poten\u021bial acolo unde al\u021bii v\u0103d doar limite. <strong>\u201eLa IULIUS, ne preocup\u0103 ideea de a construi pentru genera\u021bii, nu pentru randamente rapide. Am auzit de nenum\u0103rate ori c\u0103 nu se poate: c\u0103 nu se poate reloca, decontamina, bioremedia sau reconecta o platform\u0103 industrial\u0103 la ora\u0219. Dar experien\u021ba noastr\u0103 ne arat\u0103 c\u0103 unele proiecte par imposibile doar p\u00e2n\u0103 devin realitate. Cea mai mare provocare nu sunt nici banii, nici avizele, ci convingerea \u2014 a administra\u021biei, a cet\u0103\u021benilor \u0219i a echipei \u2014 c\u0103 un loc poate deveni mai mult dec\u00e2t este ast\u0103zi. Fie c\u0103 vorbim despre Palas Ia\u0219i, despre RIVUS la Cluj sau despre proiectul de la Constan\u021ba, miza este s\u0103 avem curajul de a vedea poten\u021bial acolo unde al\u021bii v\u0103d doar risc \u0219i s\u0103 red\u0103m ora\u0219ului spa\u021bii care pot genera dezvoltare, \u00eencredere \u0219i un efect real de multiplicare pentru \u00eentreaga comunitate\u201d<\/strong>, a spus Raluca Munteanu.<\/p>\n<p style=\"text-align: justify;\"><img loading=\"lazy\" decoding=\"async\" class=\"size-medium wp-image-83462 alignleft\" src=\"http:\/\/infois.ro\/wp-content\/uploads\/2026\/04\/Raluca-Munteanu-Director-de-Dezvoltare-IULIUS-1-390x260.jpg\" alt=\"\" width=\"390\" height=\"260\" srcset=\"https:\/\/infois.ro\/wp-content\/uploads\/2026\/04\/Raluca-Munteanu-Director-de-Dezvoltare-IULIUS-1-390x260.jpg 390w, https:\/\/infois.ro\/wp-content\/uploads\/2026\/04\/Raluca-Munteanu-Director-de-Dezvoltare-IULIUS-1.jpg 640w\" sizes=\"(max-width: 390px) 100vw, 390px\" \/><\/p>\n<p style=\"text-align: justify;\"><strong>Fondurile europene, infrastructura \u0219i parteneriatele public-private, esen\u021biale pentru transformarea ora\u0219elor<\/strong><\/p>\n<p style=\"text-align: justify;\"><strong>\u00a0<\/strong><\/p>\n<p style=\"text-align: justify;\">Cea de-a doua zi a summitului a fost dedicat\u0103 solu\u021biilor \u0219i mecanismelor concrete pentru dezvoltarea ora\u0219elor din Rom\u00e2nia. Discu\u021biile au vizat rela\u021bia dintre administra\u021bie \u0219i finan\u021bare, precum \u0219i rolul fondurilor europene \u0219i al parteneriatelor public-private.<\/p>\n<p style=\"text-align: justify;\">\n<p style=\"text-align: justify;\">\u00cen debutul celei de-a doua zile, <strong>Mihai Jurca<\/strong>, \u0218eful Cancelariei Primului Ministru, a vorbit despre nevoia unor parteneriate capabile s\u0103 reziste \u00eentr-un climat de volatilitate \u0219i despre rolul mediului privat \u00een dezvoltarea infrastructurii pe termen lung. Oficialul a explicat c\u0103, dincolo de legisla\u021bie, cheia func\u021bion\u0103rii parteneriatelor public-private \u021bine de \u00een\u021belegerea principiilor de baz\u0103, \u00een special partajarea responsabilit\u0103\u021bilor \u0219i a riscurilor \u00eentre stat \u0219i mediul privat.<\/p>\n<p style=\"text-align: justify;\">\n<p style=\"text-align: justify;\">\u00cen cadrul panelului \u201eOra\u0219e verzi\u201d, primari \u0219i reprezentan\u021bi ai administra\u021biilor locale \u2013 Lucian Viziteu, Primarul municipiului Bac\u0103u; Lucian P\u0103tra\u0219cu, Viceprimar Bra\u0219ov; Ciprian Ciucu, Primarul General al municipiului Bucure\u0219ti; Constantin Toma, Primarul municipiului Buz\u0103u; Vergil Chi\u021bac, Primarul municipiului Constan\u021ba; Mihai Chirica, Primarul municipiului Ia\u0219i; Drago\u0219 Chitic, Administrator public, Prim\u0103ria Piatra Neam\u021b; Dan Cu\u0219nir, Viceprimar Suceava; Bogdan Buh\u0103ianu, Viceprimar Boto\u0219ani \u2013 au conturat o realitate comun\u0103 a dezvolt\u0103rii urbane din Rom\u00e2nia: ora\u0219ele evolueaz\u0103 mai degrab\u0103 \u00een func\u021bie de oportunit\u0103\u021bi \u0219i constr\u00e2ngeri dec\u00e2t dup\u0103 o planificare am\u0103nun\u021bit\u0103.<\/p>\n<p style=\"text-align: justify;\">\n<p style=\"text-align: justify;\">\u00centr-un panel dedicat solu\u021biilor de finan\u021bare a parteneriatelor de tip public-privat, <strong>Marius Per\u0219enea<\/strong>, Chief Operating Officer IULIUS, a subliniat nevoia unei integr\u0103ri reale \u00eentre proiectele private de regenerare urban\u0103 \u0219i infrastructura g\u00e2ndit\u0103 de administra\u021bie. <strong>\u201eTimp de aproape 30 de ani am construit ora\u0219e \u00een mod separat: administra\u021bie \u0219i investitori. Grupul IULIUS a intrat \u00een parteneriate public-private \u00een Ia\u0219i \u0219i Cluj. Ast\u0103zi suntem convin\u0219i c\u0103 proiectele de regenerare urban\u0103 trebuie s\u0103 fie integrate total \u00een infrastructura g\u00e2ndit\u0103 de administra\u021bie, pentru relevan\u021b\u0103 pe termen lung\u201d<\/strong>.<\/p>\n<p style=\"text-align: justify;\"><img loading=\"lazy\" decoding=\"async\" class=\"size-medium wp-image-83463 alignright\" src=\"http:\/\/infois.ro\/wp-content\/uploads\/2026\/04\/TILIA-Summitul-Oraselor-din-Romania-Iasi-23-24-aprilie-2026-2-390x260.jpg\" alt=\"\" width=\"390\" height=\"260\" srcset=\"https:\/\/infois.ro\/wp-content\/uploads\/2026\/04\/TILIA-Summitul-Oraselor-din-Romania-Iasi-23-24-aprilie-2026-2-390x260.jpg 390w, https:\/\/infois.ro\/wp-content\/uploads\/2026\/04\/TILIA-Summitul-Oraselor-din-Romania-Iasi-23-24-aprilie-2026-2.jpg 640w\" sizes=\"(max-width: 390px) 100vw, 390px\" \/><\/p>\n<p style=\"text-align: justify;\"><strong>Sebastian Costea<\/strong>, Manager IULIUS, a ar\u0103tat c\u0103 predictibilitatea este esen\u021bial\u0103 pentru proiectele de regenerare urban\u0103. <strong>\u201eLista dorin\u021belor unui investitor privat \u00eencepe cu predictibilitatea. Partenerul privat nu are niciodat\u0103 venituri din a doua zi a parteneriatului. Este nevoie de o perioad\u0103 de gra\u021bie, un mecanism de pl\u0103\u021bi diferen\u021biate, poate de la momentul gener\u0103rii de venituri. Este nevoie de un mecanism pentru proiectele mixed-use, aflate la intersec\u021bia dintre concesiune \u0219i servicii publice. Sunt jurisdic\u021bii europene care recunosc aceste modele \u0219i reu\u0219esc s\u0103 aduc\u0103 resursele publice \u0219i private \u00eentr-o singur\u0103 form\u0103 de finan\u021bare\u201d<\/strong>.<\/p>\n<p style=\"text-align: justify;\">\n<p style=\"text-align: justify;\"><strong>Maria Tzanidaki<\/strong>, Principal Manager, PPP Advisory Unit BERD, a explicat c\u0103 parteneriatul public-privat este un mecanism complex, dependent de un angajament politic \u0219i o procedur\u0103 \u00een care p\u0103r\u021bile implicate dezvolt\u0103 un model de implementare. Modelul optim, a spus aceasta, este unul mixt, \u00een care direc\u021bia vine de la centru, dar impactul real este local. Maria Tzanidaki a mai spus c\u0103 BERD preg\u0103te\u0219te un portofoliu de aproximativ 15 proiecte, cu o valoare total\u0103 estimat\u0103 la circa 3 miliarde de euro, care include proiecte majore de regenerare economic\u0103 \u0219i consultan\u021b\u0103 pentru guverne.<\/p>\n<p><img loading=\"lazy\" decoding=\"async\" class=\"size-medium wp-image-83465 alignleft\" src=\"http:\/\/infois.ro\/wp-content\/uploads\/2026\/04\/TILIA-Summitul-Oraselor-din-Romania-Iasi-23-24-aprilie-2026-4-390x260.jpg\" alt=\"\" width=\"390\" height=\"260\" srcset=\"https:\/\/infois.ro\/wp-content\/uploads\/2026\/04\/TILIA-Summitul-Oraselor-din-Romania-Iasi-23-24-aprilie-2026-4-390x260.jpg 390w, https:\/\/infois.ro\/wp-content\/uploads\/2026\/04\/TILIA-Summitul-Oraselor-din-Romania-Iasi-23-24-aprilie-2026-4.jpg 640w\" sizes=\"(max-width: 390px) 100vw, 390px\" \/><\/p>\n<p style=\"text-align: justify;\">Tot \u00een cadrul panelului dedicat PPP-urilor, Marcelo Catellanos, Senior Country Manager for Southeastern Europe International Finance Corporation, a ad\u0103ugat: <strong>\u201eMesajul-cheie este c\u0103 acestea func\u021bioneaz\u0103 \u00een multe p\u0103r\u021bi ale lumii. Este important s\u0103 identific\u0103m \u021b\u0103rile unde func\u021bioneaz\u0103 constant \u0219i se men\u021bin pe termen lung. Exemple sunt Marea Britanie, Fran\u021ba \u0219i Olanda. \u00cen Marea Britanie au folosit acest model \u00een transport, educa\u021bie, s\u0103n\u0103tate \u0219i infrastructur\u0103. \u00cen Fran\u021ba, \u00een sistemul feroviar, energetic \u0219i \u00een servicii. \u00cen Olanda avem colaborare pentru aeroport. C\u00e2nd vorbim de aceste \u021b\u0103ri, vorbim de o viziune politic\u0103 \u0219i de o capacitate de colaborare, o cultur\u0103 a colabor\u0103rii, o structurare adecvat\u0103 \u0219i, \u00een final, finan\u021batori care \u00een\u021beleg contextul. Rom\u00e2nia este preg\u0103tit\u0103 pentru PPP \u0219i credem c\u0103 exist\u0103 prevederi legale care pot fi perfec\u021bionate, \u00eens\u0103 cadrul actual este suficient de bun pentru a permite PPP-uri. Ceea ce lipse\u0219te este o structur\u0103 a colabor\u0103rii care s\u0103 distribuie responsabilit\u0103\u021bile \u0219i riscurile.<\/strong>\u201d<\/p>\n<p style=\"text-align: justify;\">\n\u00cen cadrul summitului, Veolia Rom\u00e2nia a prezentat modelul de excelen\u021b\u0103 PPP dintre Apa Nova Bucure\u0219ti, o compania Veolia, \u0219i Prim\u0103ria Municipiului Bucure\u0219ti, unul dintre cele mai longevive \u0219i de succes parteneriate public-private din sectorul utilit\u0103\u021bilor publice din Europa. Semnat \u00een 2000, acest proiect de concesiune a transformat radical infrastructura de ap\u0103 \u0219i canalizare a Capitalei, prin investi\u021bii de peste 795 milioane de euro \u00een modernizarea re\u021belelor, extinderea serviciilor \u0219i implementarea celor mai \u00eenalte standarde europene de calitate. Rezultate concrete: cre\u0219terea randamentului re\u021belei de ap\u0103 de la 50% \u00een anul 2000, la aproximativ 80% \u00een prezent &#8211; \u00een linie cu cel din alte capitale europene; extinderea acoperirii serviciilor la peste 2,1 milioane de locuitori; modernizarea sta\u021biilor de tratare \u0219i transformarea sta\u021biei de epurare a apelor uzate de la Glina \u00een cel mai mare produc\u0103tor de energie verde din zona metropolitan\u0103 a Capitalei.<\/p>\n<p style=\"text-align: justify;\">\n<p style=\"text-align: justify;\">\u00cen paralel, pe a doua scen\u0103, <em>Ora\u015fe \u00een devenire: Design, Natur\u0103 \u015fi Cultur\u0103<\/em> a explorat for\u021bele care modeleaz\u0103 caracterul unui ora\u0219, cu studii de caz concrete din domenii precum arhitectur\u0103, industrii creative, s\u0103n\u0103tate mintal\u0103 \u0219i infrastructur\u0103 verde.<\/p>\n<p><img loading=\"lazy\" decoding=\"async\" class=\"size-medium wp-image-83464 alignright\" src=\"http:\/\/infois.ro\/wp-content\/uploads\/2026\/04\/TILIA-Summitul-Oraselor-din-Romania-24-aprilie-2026-Iasi-22-390x260.jpg\" alt=\"\" width=\"390\" height=\"260\" srcset=\"https:\/\/infois.ro\/wp-content\/uploads\/2026\/04\/TILIA-Summitul-Oraselor-din-Romania-24-aprilie-2026-Iasi-22-390x260.jpg 390w, https:\/\/infois.ro\/wp-content\/uploads\/2026\/04\/TILIA-Summitul-Oraselor-din-Romania-24-aprilie-2026-Iasi-22.jpg 640w\" sizes=\"(max-width: 390px) 100vw, 390px\" \/><\/p>\n<p style=\"text-align: justify;\">Summitul TILIA a conturat, \u00eenc\u0103 de la prima edi\u021bie, direc\u021bia c\u0103 ora\u0219ele viitorului nu pot fi construite fragmentat, ci prin colaborare, viziune, solu\u021bii integrate \u0219i mecanisme de finan\u021bare adaptate complexit\u0103\u021bii urbane. Ora\u0219ele Rom\u00e2niei au nevoie de spa\u021bii publice care aduc oamenii \u00eempreun\u0103, de natur\u0103, mobilitate inteligent\u0103 \u0219i arhitectur\u0103 de calitate, dar \u0219i de administra\u021bii capabile, reguli clare, finan\u021bare predictibil\u0103 \u0219i parteneriate \u00eentre sectorul public \u0219i cel privat.<\/p>\n<p style=\"text-align: justify;\">\n<p style=\"text-align: justify;\">###<\/p>\n<p style=\"text-align: justify;\">\n<p style=\"text-align: justify;\"><strong>Despre TILIA \u2013 Today&#8217;s Ideas and Leadership In Action<\/strong><\/p>\n<p style=\"text-align: justify;\">TILIA \u2013 Today\u2019s Ideas and Leadership In Action, Summitul Ora\u0219elor din Rom\u00e2nia &#8211; este o ini\u021biativ\u0103 dezvoltat\u0103 de grupul IULIUS, prin Funda\u021bia IULIUS, dedicat\u0103 solu\u021biilor concrete pentru dezvoltarea ora\u0219elor din Rom\u00e2nia.<\/p>\n<p style=\"text-align: justify;\">\n<p style=\"text-align: justify;\">TILIA este conceput\u0103 ca un demers anual, care reune\u0219te administra\u021bii publice, investitori, institu\u021bii financiare, arhitec\u021bi, mediul academic \u0219i societatea civil\u0103 \u00eentr-un cadru de dialog \u0219i colaborare orientat c\u0103tre implementare.<\/p>\n<p style=\"text-align: justify;\">\n<p style=\"text-align: justify;\">TILIA \u00ee\u0219i propune s\u0103 devin\u0103 un reper pentru colaborarea \u00eentre actorii implica\u021bi \u00een dezvoltarea urban\u0103 din Rom\u00e2nia.<\/p>\n<p style=\"text-align: justify;\"><a href=\"http:\/\/www.tilia-summit.ro\">www.tilia-summit.ro<\/a><\/p>\n<p style=\"text-align: justify;\">\n<p style=\"text-align: justify;\"><strong>Despre Funda\u021bia IULIUS<\/strong><\/p>\n<p style=\"text-align: justify;\">Funda\u021bia IULIUS este ini\u021biativa prin care Grupul IULIUS sus\u021bine dezvoltarea sustenabil\u0103 a comunit\u0103\u021bilor, prin proiecte dedicate educa\u021biei, protec\u021biei mediului \u0219i cre\u0219terii calit\u0103\u021bii vie\u021bii urbane, contribuind la ora\u0219e mai bine conectate la nevoile oamenilor.<\/p>\n<p style=\"text-align: justify;\">\n","protected":false},"excerpt":{"rendered":"<p>Prima edi\u021bie a summitului organizat de Funda\u021bia IULIUS, \u00een parteneriat cu BERD, a adus la&#8230; <a class=\"meta-more\" href=\"https:\/\/infois.ro\/?p=83457\">more <span class=\"meta-nav\">&raquo;<\/span><\/a><\/p>\n","protected":false},"author":2,"featured_media":83458,"comment_status":"closed","ping_status":"closed","sticky":false,"template":"","format":"standard","meta":{"footnotes":""},"categories":[6,41],"tags":[74,867,227,2171,18453,40,18468],"aioseo_notices":[],"_links":{"self":[{"href":"https:\/\/infois.ro\/index.php?rest_route=\/wp\/v2\/posts\/83457"}],"collection":[{"href":"https:\/\/infois.ro\/index.php?rest_route=\/wp\/v2\/posts"}],"about":[{"href":"https:\/\/infois.ro\/index.php?rest_route=\/wp\/v2\/types\/post"}],"author":[{"embeddable":true,"href":"https:\/\/infois.ro\/index.php?rest_route=\/wp\/v2\/users\/2"}],"replies":[{"embeddable":true,"href":"https:\/\/infois.ro\/index.php?rest_route=%2Fwp%2Fv2%2Fcomments&post=83457"}],"version-history":[{"count":1,"href":"https:\/\/infois.ro\/index.php?rest_route=\/wp\/v2\/posts\/83457\/revisions"}],"predecessor-version":[{"id":83466,"href":"https:\/\/infois.ro\/index.php?rest_route=\/wp\/v2\/posts\/83457\/revisions\/83466"}],"wp:featuredmedia":[{"embeddable":true,"href":"https:\/\/infois.ro\/index.php?rest_route=\/wp\/v2\/media\/83458"}],"wp:attachment":[{"href":"https:\/\/infois.ro\/index.php?rest_route=%2Fwp%2Fv2%2Fmedia&parent=83457"}],"wp:term":[{"taxonomy":"category","embeddable":true,"href":"https:\/\/infois.ro\/index.php?rest_route=%2Fwp%2Fv2%2Fcategories&post=83457"},{"taxonomy":"post_tag","embeddable":true,"href":"https:\/\/infois.ro\/index.php?rest_route=%2Fwp%2Fv2%2Ftags&post=83457"}],"curies":[{"name":"wp","href":"https:\/\/api.w.org\/{rel}","templated":true}]}}