{"id":83478,"date":"2026-04-28T17:26:11","date_gmt":"2026-04-28T14:26:11","guid":{"rendered":"https:\/\/infois.ro\/?p=83478"},"modified":"2026-04-29T08:37:01","modified_gmt":"2026-04-29T05:37:01","slug":"s-a-majorat-timpul-gratuit-de-stationare-pe-breteaua-kissride-la-aeroportul-iasi","status":"publish","type":"post","link":"https:\/\/infois.ro\/?p=83478","title":{"rendered":"S-a majorat timpul gratuit de sta\u021bionare pe breteaua Kiss&#038;Ride, la Aeroportul Ia\u0219i"},"content":{"rendered":"<p><img loading=\"lazy\" decoding=\"async\" class=\"size-medium wp-image-83479 alignleft\" src=\"http:\/\/infois.ro\/wp-content\/uploads\/2026\/04\/parcare-aeroport-390x293.jpg\" alt=\"\" width=\"390\" height=\"293\" srcset=\"https:\/\/infois.ro\/wp-content\/uploads\/2026\/04\/parcare-aeroport-390x293.jpg 390w, https:\/\/infois.ro\/wp-content\/uploads\/2026\/04\/parcare-aeroport.jpg 640w\" sizes=\"(max-width: 390px) 100vw, 390px\" \/><\/p>\n<p style=\"text-align: justify;\">Aeroportul Interna\u021bional Ia\u0219i anun\u021b\u0103 c\u0103,\u00a0 pe \ud835\udc1b\ud835\udc2b\ud835\udc1e\ud835\udc2d\ud835\udc1e\ud835\udc1a\ud835\udc2e\ud835\udc1a \ud835\udc0a\ud835\udc22\ud835\udc2c\ud835\udc2c &amp; \ud835\udc11\ud835\udc22\ud835\udc1d\ud835\udc1e (zona 2), \ud835\ude01\ud835\uddf6\ud835\uddfa\ud835\uddfd\ud835\ude02\ud835\uddf9 \ud835\uddf4\ud835\uddff\ud835\uddee\ud835\ude01\ud835\ude02\ud835\uddf6\ud835\ude01 de sta\u021bionare a crescut de la 7 minute la \ud835\udfed\ud835\udfec \ud835\uddfa\ud835\uddf6\ud835\uddfb\ud835\ude02\ud835\ude01\ud835\uddf2. Dup\u0103 dep\u0103\u0219irea timpului gratuit, \ud835\udc2d\ud835\udc1a\ud835\udc2b\ud835\udc22\ud835\udc1f\ud835\udc2e\ud835\udc25 este de asemenea \ud835\udc2b\ud835\udc1e\ud835\udc1d\ud835\udc2e\ud835\udc2c, de la 10 lei\/minut la \ud835\udff1 \ud835\uddf9\ud835\uddf2\ud835\uddf6\/\ud835\uddfa\ud835\uddf6\ud835\uddfb\ud835\ude02\ud835\ude01.<br \/>\n\u00cen ceea ce prive\u0219te \ud835\udc0f\ud835\udc1a\ud835\udc2b\ud835\udc1c\ud835\udc1a\ud835\udc2b\ud835\udc1e\ud835\udc1a (zona 3), tarifele se men\u021bin, primele 15 minute fiind gratuite. Gratuitatea pentru cele dou\u0103 zone (Parcare \u0219i Kiss &amp; Ride) se acord\u0103 o singur\u0103 dat\u0103 \u00eentr-un interval de 60 de minute, prin urmare, dac\u0103 reintri \u00een acest interval, nu mai beneficiezi de minutele gratuite. \u00cen acest caz, tariful se aplic\u0103 integral din momentul intr\u0103rii, indiferent de durata sta\u021bion\u0103rii.<br \/>\nConducerea Aeroportului recomand\u0103 folosirea zonei Kiss &amp; Ride strict pentru opriri scurte (preluare\/debarcare). Pentru sta\u021bion\u0103ri mai lungi, trebuie utilizat\u0103 zona de parcare pentru a evita costuri suplimentare.<br \/>\nPrima band\u0103 (zona 1) este rezervat\u0103 exclusiv transportului public (autobuzele CTP) \u0219i taxiurilor autorizate de Aeroport, accesul fiind permis doar pe baz\u0103 de legitima\u021bie specific\u0103.<br \/>\n\u00cen ceea ce prive\u0219te \ud835\uddfd\ud835\uddf2\ud835\uddff\ud835\ude00\ud835\uddfc\ud835\uddee\ud835\uddfb\ud835\uddf2\ud835\uddf9\ud835\uddf2 \ud835\uddf0\ud835\ude02 \ud835\uddf1\ud835\uddf6\ud835\ude07\ud835\uddee\ud835\uddef\ud835\uddf6\ud835\uddf9\ud835\uddf6\ud835\ude01\ud835\uddee\u0306\ud835\ude01\u0326\ud835\uddf6, \ud835\uddee\ud835\uddfa\ud835\uddef\ud835\uddf2\ud835\uddf9\ud835\uddf2 \ud835\ude07\ud835\uddfc\ud835\uddfb\ud835\uddf2 (at\u00e2t Kiss &amp; Ride, c\u00e2t \u0219i parcarea auto) \ud835\ude00\ud835\ude02\ud835\uddfb\ud835\ude01 \ud835\uddf4\ud835\uddff\ud835\uddee\ud835\ude01\ud835\ude02\ud835\uddf6\ud835\ude01\ud835\uddf2, f\u0103r\u0103 limit\u0103 de timp, cu condi\u021bia prezent\u0103rii legitima\u021biei de handicap valide la toneta de informa\u021bii\/parcare situat\u0103 chiar \u00een fa\u021ba terminalului T4 (Sosiri).<br \/>\nToate informa\u021biile \u0219i tarifele aferente sunt publicate \u0219i pe site, la sec\u021biunea Parcare &#8211; https:\/\/www.aeroport-iasi.ro\/informatii-pasageri&#8230;<\/p>\n","protected":false},"excerpt":{"rendered":"<p>Aeroportul Interna\u021bional Ia\u0219i anun\u021b\u0103 c\u0103,\u00a0 pe \ud835\udc1b\ud835\udc2b\ud835\udc1e\ud835\udc2d\ud835\udc1e\ud835\udc1a\ud835\udc2e\ud835\udc1a \ud835\udc0a\ud835\udc22\ud835\udc2c\ud835\udc2c &amp; \ud835\udc11\ud835\udc22\ud835\udc1d\ud835\udc1e (zona 2), \ud835\ude01\ud835\uddf6\ud835\uddfa\ud835\uddfd\ud835\ude02\ud835\uddf9 \ud835\uddf4\ud835\uddff\ud835\uddee\ud835\ude01\ud835\ude02\ud835\uddf6\ud835\ude01 de&#8230; <a class=\"meta-more\" href=\"https:\/\/infois.ro\/?p=83478\">more <span class=\"meta-nav\">&raquo;<\/span><\/a><\/p>\n","protected":false},"author":2,"featured_media":83479,"comment_status":"closed","ping_status":"closed","sticky":false,"template":"","format":"standard","meta":{"footnotes":""},"categories":[6,41],"tags":[74,1394,40,16992],"aioseo_notices":[],"_links":{"self":[{"href":"https:\/\/infois.ro\/index.php?rest_route=\/wp\/v2\/posts\/83478"}],"collection":[{"href":"https:\/\/infois.ro\/index.php?rest_route=\/wp\/v2\/posts"}],"about":[{"href":"https:\/\/infois.ro\/index.php?rest_route=\/wp\/v2\/types\/post"}],"author":[{"embeddable":true,"href":"https:\/\/infois.ro\/index.php?rest_route=\/wp\/v2\/users\/2"}],"replies":[{"embeddable":true,"href":"https:\/\/infois.ro\/index.php?rest_route=%2Fwp%2Fv2%2Fcomments&post=83478"}],"version-history":[{"count":1,"href":"https:\/\/infois.ro\/index.php?rest_route=\/wp\/v2\/posts\/83478\/revisions"}],"predecessor-version":[{"id":83480,"href":"https:\/\/infois.ro\/index.php?rest_route=\/wp\/v2\/posts\/83478\/revisions\/83480"}],"wp:featuredmedia":[{"embeddable":true,"href":"https:\/\/infois.ro\/index.php?rest_route=\/wp\/v2\/media\/83479"}],"wp:attachment":[{"href":"https:\/\/infois.ro\/index.php?rest_route=%2Fwp%2Fv2%2Fmedia&parent=83478"}],"wp:term":[{"taxonomy":"category","embeddable":true,"href":"https:\/\/infois.ro\/index.php?rest_route=%2Fwp%2Fv2%2Fcategories&post=83478"},{"taxonomy":"post_tag","embeddable":true,"href":"https:\/\/infois.ro\/index.php?rest_route=%2Fwp%2Fv2%2Ftags&post=83478"}],"curies":[{"name":"wp","href":"https:\/\/api.w.org\/{rel}","templated":true}]}}