{"id":83491,"date":"2026-04-29T19:46:48","date_gmt":"2026-04-29T16:46:48","guid":{"rendered":"https:\/\/infois.ro\/?p=83491"},"modified":"2026-04-30T14:49:57","modified_gmt":"2026-04-30T11:49:57","slug":"ambasadorul-pakistanului-a-vizitat-iasul","status":"publish","type":"post","link":"https:\/\/infois.ro\/?p=83491","title":{"rendered":"Ambasadorul Pakistanului a vizitat Ia\u0219ul"},"content":{"rendered":"<p style=\"text-align: justify;\"><img loading=\"lazy\" decoding=\"async\" class=\"size-medium wp-image-83492 alignleft\" src=\"http:\/\/infois.ro\/wp-content\/uploads\/2026\/04\/pakistan-390x314.jpg\" alt=\"\" width=\"390\" height=\"314\" srcset=\"https:\/\/infois.ro\/wp-content\/uploads\/2026\/04\/pakistan-390x314.jpg 390w, https:\/\/infois.ro\/wp-content\/uploads\/2026\/04\/pakistan.jpg 640w\" sizes=\"(max-width: 390px) 100vw, 390px\" \/><\/p>\n<p style=\"text-align: justify;\">Primarul Mihai Chirica a primit miercuri, 29 aprilie 2026, vizita Excelen\u021bei Sale domnul Ilyas Mehmood Nizam, Ambasadorul Republicii Islamice Pakistan \u00een Rom\u00e2nia. Diplomat de carier\u0103, domnia sa a preluat func\u021bia la \u00eenceputul lunii noiembrie 2025 \u0219i este la prima vizit\u0103 la Ia\u0219i \u0219i, de altfel, la prima sa deplasare oficial\u0103 \u00een afara Bucure\u0219tiului.<br \/>\nExcelen\u021ba Sa se afl\u0103 \u00een ora\u0219ul nostru \u00eentr-o vizit\u0103 de explorare a domeniilor \u00een care pot fi intensificate sau create rela\u021bii de colaborare, \u00een special economic, educa\u021bional \u0219i cultural.<br \/>\nDup\u0103 stabilirea rela\u021biilor diplomatice \u00een anul 1964, Rom\u00e2nia \u0219i Pakistanul au dezvoltat rela\u021bii semnificative \u00een domeniul economic. \u00cen anul 2011 a fost \u00eenfiin\u021bat, la Karachi, cel mai mare ora\u0219 \u0219i cel mai important hub \u0219i port comercial al \u021b\u0103rii, Consiliul de Afaceri Pakistan-Rom\u00e2nia, institu\u021bie non-guvernamental\u0103 menit\u0103 s\u0103 impulsioneze rela\u021biile economice \u0219i comer\u021bul bilateral. De asemenea, \u00een prima jum\u0103tate a a acestui an va fi semnat un memorandum de \u00een\u021belegere dintre porturile Constan\u021ba \u0219i Karachi, documentul fiind preg\u0103tit de semnare de c\u0103tre cele dou\u0103 p\u0103r\u021bi.<br \/>\n\u00cen acest context, primarul Mihai Chirica \u0219i Excelen\u021ba Sa au discutat despre oportunit\u0103\u021bile de reluare a rela\u021biilor economice, mai ales c\u0103 exist\u0103 o tradi\u021bie de colaborare economic\u0103 \u00eentre Ia\u0219i \u0219i Pakistan, \u021bara din Asia deschiz\u00e2nd \u0219i un consulat onorific \u00een ora\u0219ul nostru, \u00een urm\u0103 cu aproape 20 de ani. Pentru \u00eenceput, primarul Mihai Chirica a adresat Excelen\u021bei Sale invita\u021bia de a participa, \u00eenso\u021bit de oameni de afaceri pakistanezi, la forumul economic pe care Camera de Comer\u021b \u0219i Industrie Ia\u0219i \u00eel va organiza \u00een perioada 4 &#8211; 5 iunie 2026.<br \/>\nDe asemenea, Ambasadorul s-a ar\u0103tat interesat de universit\u0103\u021bile din Ia\u0219i, de extinderea schimburilor educa\u021bionale \u0219i de cre\u0219terea num\u0103rului de studen\u021bi \u00een ora\u0219ul nostru, \u00een special la facult\u0103\u021bile cu profil tehnic, dar nu numai.<br \/>\nUn alt domeniu de interes pentru crearea de rela\u021bii de colaborare este cel cultural. De altfel, domnul Ambasador a participat, al\u0103turi de c\u00e2teva zeci de persoane, la un eveniment dedicat gastronomiei pakistaneze organizat de un restaurant din Ia\u0219i.<br \/>\n\u201e\u00cei mul\u021bumesc Excelen\u021bei Sale domnului Ambasador pentru vizit\u0103, \u00eel a\u0219tept s\u0103 revin\u0103 la Ia\u0219i \u0219i s\u0103 realiz\u0103m \u00eempreun\u0103 c\u00e2t mai multe dintre proiectele discutate\u201d, a spus primarul Mihai Chirica.<\/p>\n","protected":false},"excerpt":{"rendered":"<p>Primarul Mihai Chirica a primit miercuri, 29 aprilie 2026, vizita Excelen\u021bei Sale domnul Ilyas Mehmood&#8230; <a class=\"meta-more\" href=\"https:\/\/infois.ro\/?p=83491\">more <span class=\"meta-nav\">&raquo;<\/span><\/a><\/p>\n","protected":false},"author":2,"featured_media":83492,"comment_status":"closed","ping_status":"closed","sticky":false,"template":"","format":"standard","meta":{"footnotes":""},"categories":[1,41],"tags":[74,2987,1822,40,18483,18484,4584],"aioseo_notices":[],"_links":{"self":[{"href":"https:\/\/infois.ro\/index.php?rest_route=\/wp\/v2\/posts\/83491"}],"collection":[{"href":"https:\/\/infois.ro\/index.php?rest_route=\/wp\/v2\/posts"}],"about":[{"href":"https:\/\/infois.ro\/index.php?rest_route=\/wp\/v2\/types\/post"}],"author":[{"embeddable":true,"href":"https:\/\/infois.ro\/index.php?rest_route=\/wp\/v2\/users\/2"}],"replies":[{"embeddable":true,"href":"https:\/\/infois.ro\/index.php?rest_route=%2Fwp%2Fv2%2Fcomments&post=83491"}],"version-history":[{"count":1,"href":"https:\/\/infois.ro\/index.php?rest_route=\/wp\/v2\/posts\/83491\/revisions"}],"predecessor-version":[{"id":83493,"href":"https:\/\/infois.ro\/index.php?rest_route=\/wp\/v2\/posts\/83491\/revisions\/83493"}],"wp:featuredmedia":[{"embeddable":true,"href":"https:\/\/infois.ro\/index.php?rest_route=\/wp\/v2\/media\/83492"}],"wp:attachment":[{"href":"https:\/\/infois.ro\/index.php?rest_route=%2Fwp%2Fv2%2Fmedia&parent=83491"}],"wp:term":[{"taxonomy":"category","embeddable":true,"href":"https:\/\/infois.ro\/index.php?rest_route=%2Fwp%2Fv2%2Fcategories&post=83491"},{"taxonomy":"post_tag","embeddable":true,"href":"https:\/\/infois.ro\/index.php?rest_route=%2Fwp%2Fv2%2Ftags&post=83491"}],"curies":[{"name":"wp","href":"https:\/\/api.w.org\/{rel}","templated":true}]}}