{"id":83497,"date":"2026-04-30T14:58:20","date_gmt":"2026-04-30T11:58:20","guid":{"rendered":"https:\/\/infois.ro\/?p=83497"},"modified":"2026-04-30T14:58:20","modified_gmt":"2026-04-30T11:58:20","slug":"s-a-incheiat-luna-sculptorilor-romani-2026","status":"publish","type":"post","link":"https:\/\/infois.ro\/?p=83497","title":{"rendered":"S-a \u00eencheiat Luna Sculptorilor Rom\u00e2ni 2026"},"content":{"rendered":"<p style=\"text-align: justify;\">\n<p style=\"text-align: justify;\"><img loading=\"lazy\" decoding=\"async\" class=\"size-medium wp-image-83498 alignleft\" src=\"http:\/\/infois.ro\/wp-content\/uploads\/2026\/04\/sculptura-293x390.jpg\" alt=\"\" width=\"293\" height=\"390\" srcset=\"https:\/\/infois.ro\/wp-content\/uploads\/2026\/04\/sculptura-293x390.jpg 293w, https:\/\/infois.ro\/wp-content\/uploads\/2026\/04\/sculptura.jpg 640w\" sizes=\"(max-width: 293px) 100vw, 293px\" \/><br \/>\nUna din cele mai spectaculoase edi\u021bii ale \u201eLunii Sculptorilor Rom\u00e2ni\u201d s-a \u00eencheiat, \u00een toat\u0103 aceast\u0103 perioad\u0103 Ia\u0219ul fiind scena creativit\u0103\u021bii, iar spa\u021biile publice \u0219i institu\u021biile de cultur\u0103 au fost transforate \u00een locuri de \u00eent\u00e2lnire \u00eentre arti\u0219ti \u0219i comunitate. \u200bFinalul edi\u021biei a fost marcat de momente de o profunzime aparte:<br \/>\n<strong>Omagiu marilor mae\u0219tri:<\/strong><br \/>\nLa Baia Turceasc\u0103, au fost comemorate dou\u0103 personalit\u0103\u021bi imense ale culturii noastre: sculptorul Ion Irimescu \u0219i criticul de art\u0103 Valentin Ciuc\u0103. Lansarea albumului \u201eIon Irimescu, eseu despre paradigma fidiatic\u0103\u201d a reunit prieteni, arti\u0219ti \u0219i oameni de cultur\u0103 care au evocat mo\u0219tenirea inestimabil\u0103 l\u0103sat\u0103 de ace\u0219ti \u201etitani\u201d ai spiritului ie\u0219ean.<br \/>\n<strong>MYTHODEA \u00een inima Palatului:<\/strong><br \/>\nS\u00e2mb\u0103t\u0103, Muzeul de Art\u0103 a g\u0103zduit expozi\u021bia \u201eMYTHODEA\u201d, unde artistul plastic Vladlen Babcine\u021bchi a oferit publicului o \u00eent\u00e2lnire fascinant\u0103 cu ultimele sale crea\u021bii, o fuziune \u00eentre mit \u0219i form\u0103 modern\u0103.<br \/>\n<strong>\u201eSculpt\u00e2nd timpul\u201d \u2013 O sear\u0103 magic\u0103 la Baia Turceasc\u0103:<\/strong><br \/>\nManifestarea de \u00eenchidere a fost o experien\u021b\u0103 senzorial\u0103 complet\u0103. A fost vizionat documentarul \u201eSculpt\u00e2nd timpul\u201d (realizat de TVR Ia\u0219i), o sintez\u0103 emo\u021bionant\u0103 a evenimentului, completat\u0103 de momente de dans contemporan, acorduri de violoncel \u0219i saxofon, dar \u0219i de ritmuri moderne ale muzicii electronice.<br \/>\nAcest proiect de amploare a fost posibil prin colaborarea dintre Prim\u0103ria Municipiului Ia\u0219i, Ateneul Na\u021bional din Ia\u0219i, UAP \u2013 Filiala Ia\u0219i \u0219i numeroase institu\u021bii de cultur\u0103 care au crezut \u00een puterea artei de a modela ora\u0219ul.<br \/>\n\u200bLuna Sculptorilor Rom\u00e2ni s-a \u00eencheiat, dar formele sculptate \u00een sufletul acestui ora\u0219 r\u0103m\u00e2n martore ale identit\u0103\u021bii noastre culturale.<\/p>\n","protected":false},"excerpt":{"rendered":"<p>Una din cele mai spectaculoase edi\u021bii ale \u201eLunii Sculptorilor Rom\u00e2ni\u201d s-a \u00eencheiat, \u00een toat\u0103 aceast\u0103&#8230; <a class=\"meta-more\" href=\"https:\/\/infois.ro\/?p=83497\">more <span class=\"meta-nav\">&raquo;<\/span><\/a><\/p>\n","protected":false},"author":2,"featured_media":83498,"comment_status":"closed","ping_status":"closed","sticky":false,"template":"","format":"standard","meta":{"footnotes":""},"categories":[17,41],"tags":[74,5940,40,13832,17382],"aioseo_notices":[],"_links":{"self":[{"href":"https:\/\/infois.ro\/index.php?rest_route=\/wp\/v2\/posts\/83497"}],"collection":[{"href":"https:\/\/infois.ro\/index.php?rest_route=\/wp\/v2\/posts"}],"about":[{"href":"https:\/\/infois.ro\/index.php?rest_route=\/wp\/v2\/types\/post"}],"author":[{"embeddable":true,"href":"https:\/\/infois.ro\/index.php?rest_route=\/wp\/v2\/users\/2"}],"replies":[{"embeddable":true,"href":"https:\/\/infois.ro\/index.php?rest_route=%2Fwp%2Fv2%2Fcomments&post=83497"}],"version-history":[{"count":1,"href":"https:\/\/infois.ro\/index.php?rest_route=\/wp\/v2\/posts\/83497\/revisions"}],"predecessor-version":[{"id":83499,"href":"https:\/\/infois.ro\/index.php?rest_route=\/wp\/v2\/posts\/83497\/revisions\/83499"}],"wp:featuredmedia":[{"embeddable":true,"href":"https:\/\/infois.ro\/index.php?rest_route=\/wp\/v2\/media\/83498"}],"wp:attachment":[{"href":"https:\/\/infois.ro\/index.php?rest_route=%2Fwp%2Fv2%2Fmedia&parent=83497"}],"wp:term":[{"taxonomy":"category","embeddable":true,"href":"https:\/\/infois.ro\/index.php?rest_route=%2Fwp%2Fv2%2Fcategories&post=83497"},{"taxonomy":"post_tag","embeddable":true,"href":"https:\/\/infois.ro\/index.php?rest_route=%2Fwp%2Fv2%2Ftags&post=83497"}],"curies":[{"name":"wp","href":"https:\/\/api.w.org\/{rel}","templated":true}]}}