{"id":83500,"date":"2026-04-30T15:02:29","date_gmt":"2026-04-30T12:02:29","guid":{"rendered":"https:\/\/infois.ro\/?p=83500"},"modified":"2026-04-30T15:02:29","modified_gmt":"2026-04-30T12:02:29","slug":"cauti-idei-pentru-nunta-perfecta-vino-in-weekend-la-wedding-days-in-palas-sa-descoperi-solutiile-ideale-pentru-marele-eveniment","status":"publish","type":"post","link":"https:\/\/infois.ro\/?p=83500","title":{"rendered":"Cau\u021bi idei pentru nunta perfect\u0103? Vino \u00een weekend, la Wedding Days \u00een Palas, s\u0103 descoperi solu\u021biile ideale pentru marele eveniment!"},"content":{"rendered":"<p><img loading=\"lazy\" decoding=\"async\" class=\"size-medium wp-image-83501 alignleft\" src=\"http:\/\/infois.ro\/wp-content\/uploads\/2026\/04\/Palas-Iasi-4-390x260.jpg\" alt=\"\" width=\"390\" height=\"260\" srcset=\"https:\/\/infois.ro\/wp-content\/uploads\/2026\/04\/Palas-Iasi-4-390x260.jpg 390w, https:\/\/infois.ro\/wp-content\/uploads\/2026\/04\/Palas-Iasi-4.jpg 640w\" sizes=\"(max-width: 390px) 100vw, 390px\" \/><\/p>\n<p class=\"yiv3965057503MsoNormal\" style=\"text-align: justify;\"><b><i><span lang=\"RO\">Organizarea unei nun\u021bi este o experien\u021b\u0103 unic\u0103 \u0219i ca s\u0103 nu-\u021bi lipseasc\u0103 nimic de pe list\u0103, creatorii \u0219i furnizorii \u00ee\u021bi dau \u00eent\u00e2lnire \u00een acest weekend la Wedding Days din Palas. Timp de trei zile, \u00eentre 1 \u0219i 3 mai, Atriumul reune\u0219te \u00eentr-un singur loc designeri \u0219i speciali\u0219ti din domenii esen\u021biale pentru un eveniment de neuitat. De la \u021binute de ceremonie, p\u00e2n\u0103 la servicii dedicate, vei avea ocazia s\u0103 descoperi aici solu\u021bii pentru ziua cea mare.<\/span><\/i><\/b><\/p>\n<p class=\"yiv3965057503MsoNormal\" style=\"text-align: justify;\"><span lang=\"RO\">\u00a0<\/span><\/p>\n<p class=\"yiv3965057503MsoNormal\" style=\"text-align: justify;\"><span lang=\"RO\">Pentru miri, participarea la\u00a0<b>t\u00e2rgurile<\/b>\u00a0de\u00a0<b>nun\u021bi<\/b>\u00a0este un\u00a0<b>\u201emust go\u201d<\/b>, iar\u00a0<b>Wedding Days<\/b>\u00a0din\u00a0<b>Palas<\/b>\u00a0ofer\u0103 contextul perfect pentru conturarea fiec\u0103rui detaliu pentru un\u00a0<b>eveniment<\/b>\u00a0special.<\/span><\/p>\n<p class=\"yiv3965057503MsoNormal\" style=\"text-align: justify;\"><span lang=\"RO\">\u00a0\u00a0\u00a0\u00a0\u00a0\u00a0\u00a0\u00a0\u00a0\u00a0\u00a0<\/span><\/p>\n<p class=\"yiv3965057503MsoNormal\" style=\"text-align: justify;\"><span lang=\"RO\">De vineri p\u00e2n\u0103 duminic\u0103, \u00eentre orele\u00a0<b>10:00 \u0219i 22:00<\/b>, atelierele de\u00a0<b>rochii de mireas\u0103<\/b>\u00a0\u00ee\u0219i vor prezenta noile\u00a0<b>colec\u021bii<\/b>, oferind\u00a0<b>consiliere<\/b>\u00a0pentru alegerea modelului potrivit. Cu tren\u0103 deta\u0219abil\u0103, tip siren\u0103 sau tip prin\u021bes\u0103, cu detalii atent lucrate sau simpl\u0103, toate \u00eentreb\u0103rile pe care le ai privind rochia de mireas\u0103 \u00ee\u0219i vor g\u0103si r\u0103spunsurile c\u00e2nd o vei \u00eembr\u0103ca pe cea f\u0103cut\u0103 pentru tine. La r\u00e2ndul lor, domnii vor g\u0103si aici\u00a0<b>costume<\/b>\u00a0\u0219i\u00a0<b>\u021binute<\/b>\u00a0variate, de la\u00a0<b>stiluri<\/b>\u00a0clasice la\u00a0<b>reinterpret\u0103ri<\/b>\u00a0moderne, cu posibilitatea de a-\u0219i personaliza\u00a0<b>piesele vestimentare\u00a0<\/b>la\u00a0<b>comand\u0103.<\/b><\/span><\/p>\n<p><img loading=\"lazy\" decoding=\"async\" class=\"size-medium wp-image-83502 alignright\" src=\"http:\/\/infois.ro\/wp-content\/uploads\/2026\/04\/Palas-Iasi-01-3-390x390.jpg\" alt=\"\" width=\"390\" height=\"390\" srcset=\"https:\/\/infois.ro\/wp-content\/uploads\/2026\/04\/Palas-Iasi-01-3-390x390.jpg 390w, https:\/\/infois.ro\/wp-content\/uploads\/2026\/04\/Palas-Iasi-01-3-80x80.jpg 80w, https:\/\/infois.ro\/wp-content\/uploads\/2026\/04\/Palas-Iasi-01-3-100x100.jpg 100w, https:\/\/infois.ro\/wp-content\/uploads\/2026\/04\/Palas-Iasi-01-3-144x144.jpg 144w, https:\/\/infois.ro\/wp-content\/uploads\/2026\/04\/Palas-Iasi-01-3.jpg 640w\" sizes=\"(max-width: 390px) 100vw, 390px\" \/><\/p>\n<p class=\"yiv3965057503MsoNormal\" style=\"text-align: justify;\"><b><span lang=\"RO\">Distrac\u021bia<\/span><\/b><span lang=\"RO\">\u00a0este elementul cheie al unei nun\u021bi reu\u0219ite, a\u0219a c\u0103\u00a0<b>Wedding Days<\/b>\u00a0vine \u00een \u00eent\u00e2mpinarea mirilor cu solu\u021bii care s\u0103-i surprind\u0103 pe invita\u021bi, de la\u00a0<b>dansul mirilor<\/b>, p\u00e2n\u0103 la\u00a0<b>programe de entertainment<\/b>. Pentru c\u0103 toate momentele trebuie s\u0103 r\u0103m\u00e2n\u0103 amintiri vii,\u00a0<b>serviciile foto-video<\/b>\u00a0nu pot lipsi de pe list\u0103. Expozan\u021bii v\u0103 vor ajuta s\u0103 v\u0103 decide\u021bi chiar \u0219i asupra\u00a0<b>cadrului<\/b>\u00a0\u00een care vre\u021bi s\u0103 v\u0103 imortaliza\u021bi dragostea, dar \u0219i ce\u00a0<b>servicii<\/b>\u00a0vi s-ar potrivi, \u00een func\u021bie de preferin\u021be.<\/span><\/p>\n<p class=\"yiv3965057503MsoNormal\" style=\"text-align: justify;\"><span lang=\"RO\">\u00a0<\/span><\/p>\n<p class=\"yiv3965057503MsoNormal\" style=\"text-align: justify;\"><span lang=\"RO\">\u00cen plus, viitorii\u00a0<b>miri<\/b>\u00a0vor putea descoperi\u00a0<b>oferte<\/b>\u00a0dedicate\u00a0<b>s\u0103lilor<\/b>, cu pachete variate \u0219i solu\u021bii personalizate, \u00een func\u021bie de\u00a0<b>stilul<\/b>\u00a0\u0219i\u00a0<b>num\u0103rul invita\u021bilor. Congress Hall<\/b>\u00a0te \u00eent\u00e2mpin\u0103 aici cu\u00a0<b>oferte<\/b>\u00a0dedicate nun\u021bii.\u00a0<b>S\u0103lile<\/b>\u00a0de evenimente,\u00a0<b>Chopin, Vivaldi, Mozart \u0219i Ravel<\/b>, a c\u0103ror configura\u021bie poate fi adaptat\u0103 \u00een func\u0163ie de preferin\u0163e, \u00ee\u021bi ofer\u0103 fundalul perfect pentru ziua ta special\u0103.<b><\/b><\/span><\/p>\n<p class=\"yiv3965057503MsoNormal\" style=\"text-align: justify;\"><b><span lang=\"RO\">\u00a0<\/span><\/b><\/p>\n<p class=\"yiv3965057503MsoNormal\" style=\"text-align: justify;\"><b><span lang=\"RO\">Vino la Wedding Days, \u00een Palas, \u0219i descoper\u0103 cele mai noi tendin\u021be \u00een materie de nun\u021bi!<\/span><\/b><\/p>\n<p class=\"yiv3965057503MsoNormal\" style=\"text-align: justify;\"><b><span lang=\"RO\">\u00a0<\/span><\/b><\/p>\n","protected":false},"excerpt":{"rendered":"<p>Organizarea unei nun\u021bi este o experien\u021b\u0103 unic\u0103 \u0219i ca s\u0103 nu-\u021bi lipseasc\u0103 nimic de pe&#8230; <a class=\"meta-more\" href=\"https:\/\/infois.ro\/?p=83500\">more <span class=\"meta-nav\">&raquo;<\/span><\/a><\/p>\n","protected":false},"author":2,"featured_media":83501,"comment_status":"closed","ping_status":"closed","sticky":false,"template":"","format":"standard","meta":{"footnotes":""},"categories":[41,60],"tags":[74,40,100,5685,14096],"aioseo_notices":[],"_links":{"self":[{"href":"https:\/\/infois.ro\/index.php?rest_route=\/wp\/v2\/posts\/83500"}],"collection":[{"href":"https:\/\/infois.ro\/index.php?rest_route=\/wp\/v2\/posts"}],"about":[{"href":"https:\/\/infois.ro\/index.php?rest_route=\/wp\/v2\/types\/post"}],"author":[{"embeddable":true,"href":"https:\/\/infois.ro\/index.php?rest_route=\/wp\/v2\/users\/2"}],"replies":[{"embeddable":true,"href":"https:\/\/infois.ro\/index.php?rest_route=%2Fwp%2Fv2%2Fcomments&post=83500"}],"version-history":[{"count":1,"href":"https:\/\/infois.ro\/index.php?rest_route=\/wp\/v2\/posts\/83500\/revisions"}],"predecessor-version":[{"id":83503,"href":"https:\/\/infois.ro\/index.php?rest_route=\/wp\/v2\/posts\/83500\/revisions\/83503"}],"wp:featuredmedia":[{"embeddable":true,"href":"https:\/\/infois.ro\/index.php?rest_route=\/wp\/v2\/media\/83501"}],"wp:attachment":[{"href":"https:\/\/infois.ro\/index.php?rest_route=%2Fwp%2Fv2%2Fmedia&parent=83500"}],"wp:term":[{"taxonomy":"category","embeddable":true,"href":"https:\/\/infois.ro\/index.php?rest_route=%2Fwp%2Fv2%2Fcategories&post=83500"},{"taxonomy":"post_tag","embeddable":true,"href":"https:\/\/infois.ro\/index.php?rest_route=%2Fwp%2Fv2%2Ftags&post=83500"}],"curies":[{"name":"wp","href":"https:\/\/api.w.org\/{rel}","templated":true}]}}