{"id":8385,"date":"2013-11-21T09:54:31","date_gmt":"2013-11-21T07:54:31","guid":{"rendered":"http:\/\/infois.ro\/?p=8385"},"modified":"2013-11-21T09:54:31","modified_gmt":"2013-11-21T07:54:31","slug":"program-de-realizare-de-perdele-forestiere-demarat-de-cj-iasi","status":"publish","type":"post","link":"https:\/\/infois.ro\/?p=8385","title":{"rendered":"Program de realizare de perdele forestiere, demarat de CJ Ia\u0219i"},"content":{"rendered":"<p style=\"text-align: justify;\"><a class=\"highslide\" onclick=\"return vz.expand(this)\" href=\"http:\/\/infois.ro\/wp-content\/uploads\/2013\/11\/perdele-forestiere.jpg\"><img loading=\"lazy\" decoding=\"async\" class=\"alignleft size-large wp-image-8386\" title=\"perdele forestiere\" src=\"http:\/\/infois.ro\/wp-content\/uploads\/cache\/2013\/11\/perdele-forestiere\/217811148.jpg\" alt=\"\" width=\"600\" height=\"407\" \/><\/a><\/p>\n<p style=\"text-align: justify;\">Consiliului Jude\u0163ean (CJ) Ia\u015fi va demara un amplu proiect de creare de perdele forestiere \u015fi coridoare naturale de vegeta\u0163ie, cu rol de protec\u0163ie pentru accesul \u00een comunit\u0103\u0163ile rurale din jude\u0163. Prima ac\u0163iune din acest proiect a avut loc miercuri, 20 noiembrie, \u00een comuna Gorban. \u201d\u00cen ultimii ani s-au \u00eenregistrat frecvente situa\u0163ii de blocare a circula\u0163iei pe drumurile publice din cauza \u00eenz\u0103pezirii, inunda\u0163iilor \u015fi a altor fenomene naturale. Acest fapt impune crearea unor perdele forestiere de protec\u0163ie \u015fi vine \u00een consens cu legisla\u0163ia \u00een domeniu. Miercuri, 20 noiembrie,\u00a0 facem primul pas \u00een acest sens, mai exact vom planta circa 13.000 de puie\u0163i de salc\u00e2m \u00een localitatea Podu Hagiului, din comuna Gorban. Prin aceste plant\u0103ri drumurile vor fi protejate de fenomenele naturale, microclimatul va fi \u00eembun\u0103t\u0103\u0163it, iar riscul alunec\u0103rilor de teren va fi redus\u201d, a declarat pre\u0219edintele CJ Ia\u0219i, Cristian Adomni\u021bei. Coordonatorii tehnici ai proiectului sunt Consiliul Jude\u0163ean Ia\u015fi, prin Camera Agricol\u0103 Jude\u0163ean\u0103, \u00een parteneriat cu Direc\u0163ia Silvic\u0103 Ia\u015fi. Plantarea se va face cu ajutorul Inspectoratului de Jandarmi Jude\u0163ean Ia\u015fi, Inspectoratului pentru Situa\u0163ii de Urgen\u0163\u0103 \u201eMihail Grigore Sturdza\u201d Ia\u015fi, comunele \u00eenvecinate Mo\u015fna \u015fi Cozme\u015fti, personal din cadrul Direc\u0163iei Jude\u0163ene de Administrare a Drumurilor \u015fi Podurilor Ia\u015fi, elevi ai \u015ecolii din Gorban, \u00eenso\u0163i\u0163i de p\u0103rin\u0163i \u015fi cadre didactice, voluntari din cadrul Consiliului Judetean Ia\u015fi, precum \u015fi militari de la UM01776 Hu\u015fi. La ac\u0163iune vor participa aproximativ 200 de persoane. Perdelele de protec\u0163ie, \u00een special salc\u00e2m, au rol de cre\u015ftere a bazei melifere \u00een zonele respective \u015fi de cre\u015ftere a num\u0103rului de polenizatori pentru culturile agricole. Totodat\u0103, utilizarea unor specii de arbu\u015fti cu valoare economic\u0103 ridicat\u0103 cum ar fi c\u0103tina, meri\u015forul sau m\u0103ce\u015ful, pot dezvolta \u00een regiunile respective un minisector de activit\u0103\u0163i generatoare de profit prin culegerea \u015fi prelucrarea fructelor ob\u0163inute.<\/p>\n","protected":false},"excerpt":{"rendered":"<p>Consiliului Jude\u0163ean (CJ) Ia\u015fi va demara un amplu proiect de creare de perdele forestiere \u015fi&#8230; <a class=\"meta-more\" href=\"https:\/\/infois.ro\/?p=8385\">more <span class=\"meta-nav\">&raquo;<\/span><\/a><\/p>\n","protected":false},"author":2,"featured_media":8386,"comment_status":"open","ping_status":"closed","sticky":false,"template":"","format":"standard","meta":{"footnotes":""},"categories":[1,41],"tags":[74,374,1785,3626,1833],"aioseo_notices":[],"_links":{"self":[{"href":"https:\/\/infois.ro\/index.php?rest_route=\/wp\/v2\/posts\/8385"}],"collection":[{"href":"https:\/\/infois.ro\/index.php?rest_route=\/wp\/v2\/posts"}],"about":[{"href":"https:\/\/infois.ro\/index.php?rest_route=\/wp\/v2\/types\/post"}],"author":[{"embeddable":true,"href":"https:\/\/infois.ro\/index.php?rest_route=\/wp\/v2\/users\/2"}],"replies":[{"embeddable":true,"href":"https:\/\/infois.ro\/index.php?rest_route=%2Fwp%2Fv2%2Fcomments&post=8385"}],"version-history":[{"count":1,"href":"https:\/\/infois.ro\/index.php?rest_route=\/wp\/v2\/posts\/8385\/revisions"}],"predecessor-version":[{"id":8387,"href":"https:\/\/infois.ro\/index.php?rest_route=\/wp\/v2\/posts\/8385\/revisions\/8387"}],"wp:featuredmedia":[{"embeddable":true,"href":"https:\/\/infois.ro\/index.php?rest_route=\/wp\/v2\/media\/8386"}],"wp:attachment":[{"href":"https:\/\/infois.ro\/index.php?rest_route=%2Fwp%2Fv2%2Fmedia&parent=8385"}],"wp:term":[{"taxonomy":"category","embeddable":true,"href":"https:\/\/infois.ro\/index.php?rest_route=%2Fwp%2Fv2%2Fcategories&post=8385"},{"taxonomy":"post_tag","embeddable":true,"href":"https:\/\/infois.ro\/index.php?rest_route=%2Fwp%2Fv2%2Ftags&post=8385"}],"curies":[{"name":"wp","href":"https:\/\/api.w.org\/{rel}","templated":true}]}}