{"id":8450,"date":"2013-11-24T17:17:07","date_gmt":"2013-11-24T15:17:07","guid":{"rendered":"http:\/\/infois.ro\/?p=8450"},"modified":"2013-11-24T17:17:07","modified_gmt":"2013-11-24T15:17:07","slug":"program-bogat-de-evenimente-cu-ocazia-sarbatorilor-de-iarna","status":"publish","type":"post","link":"https:\/\/infois.ro\/?p=8450","title":{"rendered":"Program bogat de evenimente cu ocazia S\u0103rb\u0103torilor de iarn\u0103"},"content":{"rendered":"<p style=\"text-align: justify;\"><a class=\"highslide\" onclick=\"return vz.expand(this)\" href=\"http:\/\/infois.ro\/wp-content\/uploads\/2013\/11\/program-sarbatori-de-iasi-2013.jpg\"><img loading=\"lazy\" decoding=\"async\" class=\"alignleft size-large wp-image-8451\" title=\"program sarbatori de iasi 2013\" src=\"http:\/\/infois.ro\/wp-content\/uploads\/cache\/2013\/11\/program-sarbatori-de-iasi-2013\/1915515687.jpg\" alt=\"\" width=\"640\" height=\"423\" \/><\/a><\/p>\n<p style=\"text-align: justify;\">\u00cencep\u00e2nd de s\u0103pt\u0103m\u00e2na trecut\u0103, pe pietonalul \u015etefan cel Mare \u0219i Sf\u00e2nt au fost amplasate primele ghivece cu br\u0103du\u0163i, \u0219i primele c\u0103su\u0163e din lemn, din totalul de 40, \u00een cadrul c\u0103rora vor fi comercializate produsele specifice S\u0103rb\u0103torile de iarn\u0103. Tot s\u0103pt\u0103m\u00e2na trecut\u0103, pe pietonal a fost adus \u015fi un brad uria\u015f, ce va fi amplasat \u00eentre Mitropolie \u015fi Palatul Roznovanu. Potrivit reprezentan\u021bilor Prim\u0103riei, punctul cheie al manifest\u0103rilor din acest an va fi pietonalul \u0218tefan cel Mare \u0219i Sf\u00e2nt, unde va fi amplasat\u0103 \u015fi scena cu suprafa\u021ba de 24 metri p\u0103tra\u0163i, unde vor fi organizate spectacole. \u00cen zona cuprins\u0103 \u00eentre Magazinul \u201dMaterna\u201d \u015fi Palatul Culturii va fi organizat \u00een acest an, \u00een premier\u0103, T\u00e2rgul de Cr\u0103ciun. \u201cAnul acesta, ie\u015fenii vor beneficia de o multitudine de evenimente cu ocazia S\u0103rb\u0103torilor de iarn\u0103. Ornamentele \u015fi decorul vor schimba fa\u0163a ora\u015fului\u201d, a declarat primarul Gheorghe Nichita, care a precizat c\u0103 iluminatul festiv va fi declan\u0219at pe 1 Decembrie. Cu prilejul Zilei Na\u021bionale a Rom\u00e2niei, ie\u015fenii sunt a\u015ftepta\u0163i \u00een Pia\u0163a Unirii, \u00eencep\u00e2nd cu ora 9.00, unde pe scena special amplasat\u0103 va avea loc un concert, sus\u0163inut de interpre\u021bii Irina Loghin, Maria Dragomiroiu, Maria Ghinea, Mioara Velicu, Nicolae Hlib \u015fi Zenaida Julea. Dup\u0103 festivit\u0103\u021bile oficiale prilejuite de Ziua de 1 Decembrie, ie\u015fenii sunt a\u015ftepta\u0163i s\u0103 guste \u015fi din tradi\u0163ionalele por\u0163ii de fasole cu c\u00e2rna\u0163i, pe strada L\u0103pu\u0219neanu. Evenimentele vor continua \u015fi \u00een cursul serii. Astfel, la ora 17.30, \u00een fa\u0163a Prim\u0103riei vor fi aprinse luminile de s\u0103rb\u0103tori \u00een ora\u015f. \u00cen jurul bradului \u00eenalt de 18 metri \u00een\u0103l\u0163ime de pe pietonal, spiridu\u015fii \u015fi personajele de basm vor sus\u0163ine un spectacol de muzic\u0103 \u015fi lumini, \u00eempreun\u0103 cu trupa The Sky \u015fi Adrian \u015etefan.\u00a0Cel mai mare Mo\u015f Cr\u0103ciun din Ia\u015fi, de \u0219ase metri \u00een\u0103l\u0163ime, va fi prezent \u015fi el la deschiderea festiv\u0103.\u00a0Spectacolul va continua apoi la ora 18.00, \u00een Atriumul de la Palas Mall, unde vor fi aprinse, \u00een prezen\u0163a personajelor de basm, 300.000 de becule\u0163e. Tot la Palas va fi deschis \u015fi patinoarul din gr\u0103din\u0103 \u0219i va fi inaugurat, de asemenea, trenule\u0163ul special pentru copii. Reprezentan\u021bii Prim\u0103riei au mai precizat c\u0103 pe 8 decembrie, ora 18.00, la Palas Mall se va \u00eencerca dobor\u00e2rea unui nou record mondial: 1.000 de spiridu\u015fi se vor reg\u0103si \u00een atrium, unde vor dansa sincron. Evenimentul va fi prezentat de Daniel Buzdugan \u015fi Mihai Morar, urmat de un concert al Andreei B\u0103nic\u0103. Pe 14 decembrie, de la ora 10.00, va avea loc Festivalul Folcloric \u201cDatini \u015fi Obiceiuri de Iarn\u0103\u201d. Manifestarea va debuta cu parada ansamblurilor populare, pe traseul Palatul Culturii \u2013 Pietonalul \u015etefan cel Mare \u2013 Pia\u0163a Unirii \u2013 Casa Studen\u0163ilor. Duminic\u0103, 15 decembrie de la ora 17.00, ie\u015fenii sunt invita\u0163i s\u0103 urm\u0103reasc\u0103 proiec\u0163iile 3D de pe Palatul Culturii. Sub denumirea \u201cPoveste de iarn\u0103\u201d, proiec\u0163ia 3D va avea o durat\u0103 de opt minute \u0219i va rula din or\u0103 \u00een or\u0103, pe partea sudic\u0103 a Palatului Culturii (cea dinspre Gr\u0103dina Palas). \u00centre 17 \u015fi 22 decembrie, Caravana lui Mo\u015f Cr\u0103ciun va fi prezent\u0103 \u00een cartierele Ia\u015fului printr-un spectacol de anima\u0163ie care se va \u00eencheia cu un foc de artificii de 5 minute \u00een fiecare cartier. \u015ei tramvaiul de epoc\u0103 va fi echipat corespunz\u0103tor. Acesta va circula, \u00eempodobit de s\u0103rb\u0103tori, dup\u0103 data de 15 decembrie.<\/p>\n","protected":false},"excerpt":{"rendered":"<p>\u00cencep\u00e2nd de s\u0103pt\u0103m\u00e2na trecut\u0103, pe pietonalul \u015etefan cel Mare \u0219i Sf\u00e2nt au fost amplasate primele&#8230; <a class=\"meta-more\" href=\"https:\/\/infois.ro\/?p=8450\">more <span class=\"meta-nav\">&raquo;<\/span><\/a><\/p>\n","protected":false},"author":2,"featured_media":8451,"comment_status":"open","ping_status":"closed","sticky":false,"template":"","format":"standard","meta":{"footnotes":""},"categories":[1,41],"tags":[74,100,296,3663,1397],"aioseo_notices":[],"_links":{"self":[{"href":"https:\/\/infois.ro\/index.php?rest_route=\/wp\/v2\/posts\/8450"}],"collection":[{"href":"https:\/\/infois.ro\/index.php?rest_route=\/wp\/v2\/posts"}],"about":[{"href":"https:\/\/infois.ro\/index.php?rest_route=\/wp\/v2\/types\/post"}],"author":[{"embeddable":true,"href":"https:\/\/infois.ro\/index.php?rest_route=\/wp\/v2\/users\/2"}],"replies":[{"embeddable":true,"href":"https:\/\/infois.ro\/index.php?rest_route=%2Fwp%2Fv2%2Fcomments&post=8450"}],"version-history":[{"count":2,"href":"https:\/\/infois.ro\/index.php?rest_route=\/wp\/v2\/posts\/8450\/revisions"}],"predecessor-version":[{"id":8453,"href":"https:\/\/infois.ro\/index.php?rest_route=\/wp\/v2\/posts\/8450\/revisions\/8453"}],"wp:featuredmedia":[{"embeddable":true,"href":"https:\/\/infois.ro\/index.php?rest_route=\/wp\/v2\/media\/8451"}],"wp:attachment":[{"href":"https:\/\/infois.ro\/index.php?rest_route=%2Fwp%2Fv2%2Fmedia&parent=8450"}],"wp:term":[{"taxonomy":"category","embeddable":true,"href":"https:\/\/infois.ro\/index.php?rest_route=%2Fwp%2Fv2%2Fcategories&post=8450"},{"taxonomy":"post_tag","embeddable":true,"href":"https:\/\/infois.ro\/index.php?rest_route=%2Fwp%2Fv2%2Ftags&post=8450"}],"curies":[{"name":"wp","href":"https:\/\/api.w.org\/{rel}","templated":true}]}}