{"id":8570,"date":"2013-12-01T13:41:00","date_gmt":"2013-12-01T11:41:00","guid":{"rendered":"http:\/\/infois.ro\/?p=8570"},"modified":"2013-12-01T13:41:00","modified_gmt":"2013-12-01T11:41:00","slug":"noi-locuri-de-parcare-scoase-la-licitatie-de-primarie-in-cartierul-tatarasi","status":"publish","type":"post","link":"https:\/\/infois.ro\/?p=8570","title":{"rendered":"Noi locuri de parcare, scoase la licita\u021bie de Prim\u0103rie \u00een cartierul T\u0103t\u0103ra\u0219i"},"content":{"rendered":"<p style=\"text-align: justify;\"><a class=\"highslide\" onclick=\"return vz.expand(this)\" href=\"http:\/\/infois.ro\/wp-content\/uploads\/2013\/12\/parcare.jpg\"><img loading=\"lazy\" decoding=\"async\" class=\"alignleft size-large wp-image-8571\" title=\"parcare\" src=\"http:\/\/infois.ro\/wp-content\/uploads\/cache\/2013\/12\/parcare\/4189356415.jpg\" alt=\"\" width=\"640\" height=\"384\" \/><\/a><\/p>\n<p style=\"text-align: justify;\">\u00cen aceast\u0103 s\u0103pt\u0103m\u00e2n\u0103, Prim\u0103ria municipiului Ia\u0219i, prin Direc\u0163ia de Administrare a Patrimoniului Public \u015fi Privat (DAPPP), va scoate la \u00eenchiriere, prin licita\u0163ie public\u0103, alte c\u00e2teva noi de locuri de parcare, situate \u00een cartierul T\u0103t\u0103ra\u015fi, respectiv pe str\u0103zile Oancea \u015fi Vasile Lupu.\u00a0Astfel, luni, 2 decembrie, la ora 14.00, este programat\u0103 licita\u0163ia public\u0103 cu strigare pentru \u00eenchirierea unui num\u0103r de 18 locuri de parcare situate \u00een str. Oancea nr.16. Potrivit reprezentan\u021bilor Prim\u0103riei, la licita\u021bie pot participa locatarii care locuiesc \u00een blocurile 352, 353 \u015fi 354. Licita\u0163ia se va desf\u0103\u015fura la sediul DAPPP, din str. Sm\u00e2rdan nr. 5, et.3. Data limit\u0103 de depunere a dosarelor a fost vineri, 29 noiembrie, ora 13.00. Miercuri, 4 decembrie, tot de la ora 14.00, Prim\u0103ria va organiza o alt\u0103 licita\u021bie cu strigare pentru adjudecarea unui num\u0103r de 23 de locuri de parcare, situate \u00een str. Vasile Lupu nr.116, la care pot \u00a0participa ie\u015fenii care locuiesc \u00een blocurile A3 \u015fi C2. Licita\u0163ia se va desf\u0103\u015fura la sediul DAPPP, din str. Sm\u00e2rdan nr. 5, et.3, data limit\u0103 de depunere a dosarelor fiind luni, 2 decembrie 2013, ora 1300. Rela\u0163ii suplimentare privind procurarea documenta\u0163iei \u015fi condi\u0163iile de participare se pot ob\u0163ine de la sediul DAPPP, din str. Sm\u00e2rdan nr. 5, cam. 9, parter, sau la numere de telefon 0232\/264.246, int.22 sau 42.<\/p>\n<p style=\"text-align: justify;\">\n","protected":false},"excerpt":{"rendered":"<p>\u00cen aceast\u0103 s\u0103pt\u0103m\u00e2n\u0103, Prim\u0103ria municipiului Ia\u0219i, prin Direc\u0163ia de Administrare a Patrimoniului Public \u015fi Privat&#8230; <a class=\"meta-more\" href=\"https:\/\/infois.ro\/?p=8570\">more <span class=\"meta-nav\">&raquo;<\/span><\/a><\/p>\n","protected":false},"author":2,"featured_media":8571,"comment_status":"open","ping_status":"closed","sticky":false,"template":"","format":"standard","meta":{"footnotes":""},"categories":[1,41],"tags":[74,40,846,1671,1850],"aioseo_notices":[],"_links":{"self":[{"href":"https:\/\/infois.ro\/index.php?rest_route=\/wp\/v2\/posts\/8570"}],"collection":[{"href":"https:\/\/infois.ro\/index.php?rest_route=\/wp\/v2\/posts"}],"about":[{"href":"https:\/\/infois.ro\/index.php?rest_route=\/wp\/v2\/types\/post"}],"author":[{"embeddable":true,"href":"https:\/\/infois.ro\/index.php?rest_route=\/wp\/v2\/users\/2"}],"replies":[{"embeddable":true,"href":"https:\/\/infois.ro\/index.php?rest_route=%2Fwp%2Fv2%2Fcomments&post=8570"}],"version-history":[{"count":1,"href":"https:\/\/infois.ro\/index.php?rest_route=\/wp\/v2\/posts\/8570\/revisions"}],"predecessor-version":[{"id":8572,"href":"https:\/\/infois.ro\/index.php?rest_route=\/wp\/v2\/posts\/8570\/revisions\/8572"}],"wp:featuredmedia":[{"embeddable":true,"href":"https:\/\/infois.ro\/index.php?rest_route=\/wp\/v2\/media\/8571"}],"wp:attachment":[{"href":"https:\/\/infois.ro\/index.php?rest_route=%2Fwp%2Fv2%2Fmedia&parent=8570"}],"wp:term":[{"taxonomy":"category","embeddable":true,"href":"https:\/\/infois.ro\/index.php?rest_route=%2Fwp%2Fv2%2Fcategories&post=8570"},{"taxonomy":"post_tag","embeddable":true,"href":"https:\/\/infois.ro\/index.php?rest_route=%2Fwp%2Fv2%2Ftags&post=8570"}],"curies":[{"name":"wp","href":"https:\/\/api.w.org\/{rel}","templated":true}]}}