{"id":8605,"date":"2013-12-03T12:16:44","date_gmt":"2013-12-03T10:16:44","guid":{"rendered":"http:\/\/infois.ro\/?p=8605"},"modified":"2013-12-03T12:16:44","modified_gmt":"2013-12-03T10:16:44","slug":"lansarea-volumului-de-poezie-cantecul-clepsidrei","status":"publish","type":"post","link":"https:\/\/infois.ro\/?p=8605","title":{"rendered":"Lansarea volumului de poezie \u201cC\u00e2ntecul clepsidrei\u201d"},"content":{"rendered":"<p style=\"text-align: justify;\"><a class=\"highslide\" onclick=\"return vz.expand(this)\" href=\"http:\/\/infois.ro\/wp-content\/uploads\/2013\/12\/AFIS-final-07.12.2013.jpg\"><img loading=\"lazy\" decoding=\"async\" class=\"alignleft size-large wp-image-8606\" title=\"AFIS final 07.12.2013\" src=\"http:\/\/infois.ro\/wp-content\/uploads\/cache\/2013\/12\/AFIS-final-07_12_2013\/2154701344.jpg\" alt=\"\" width=\"600\" height=\"841\" \/><\/a><\/p>\n<p style=\"text-align: justify;\">S\u00e2mb\u0103t\u0103, 7 decembrie 2013, ora 11, la Casa de Cultur\u0103 \u201cGarabet Ibr\u0103ileanu\u201d din T\u00e2rgu Frumos, va avea loc lansarea volumului de poezie \u201cC\u00e2ntecul clepsidrei\u201d, al autorului Dan Fripis. Invita\u0163i: Mioara Bahna, Lucian Meri\u015fca, Constantin Parascan, Valentin Talpalaru, Horia Zilieru. Evenimentul va fi moderat de scriitorul Emilian Marcu.<\/p>\n<p style=\"text-align: justify;\">Programul artistic, specific s\u0103rb\u0103torilor de iarn\u0103, sus\u0163inut de Grupul \u201cCarisma\u201d \u015fi Grupul vocal \u201cTiroli\u201d, vor completa acest eveniment.<br \/>\nOrganizatorii evenimentului: Asocia\u0163ia \u201cUniversul Prieteniei\u201d Ia\u015fi, Casa de Cultur\u0103 \u201cGarabet Ibr\u0103ileanu\u201d T\u00e2rgu Frumos \u015fi Biblioteca \u201cUniversul Cunoa\u015fterii\u201d T\u00e2rgu Frumos.<\/p>\n<p style=\"text-align: justify;\"><em>Dan Fripis, poet prin gesturile sale, prin tr\u0103irile sale, prin visele sale, dar mai ales prin profunzimea g\u00e2ndurilor sale, aduce \u00een fa\u021ba cititorului un adev\u0103rat corolar liric, corolar pe care, cu generozitate \u00eel ofer\u0103 spre a fi cunoascut, citit \u0219i mai ales re-citit. <\/em><br \/>\n<em>\u201eC\u00e2ntecul clepsidrei\u201d titlu remarcabil, prin temeinicia duratei pe care o m\u0103soar\u0103 \u0219i o decanteaz\u0103 cap\u0103t\u0103 consisten\u021b\u0103, este suma tr\u0103irilor \u0219i a zbuciumului lui Dan Fripis, cel care, prin versuri subtil \u00eentocmite m\u0103soar\u0103 trecerea timpului dar \u0219i distan\u0163a de la inim\u0103 la inim\u0103.<\/em><br \/>\nEmilian MARCU<\/p>\n","protected":false},"excerpt":{"rendered":"<p>S\u00e2mb\u0103t\u0103, 7 decembrie 2013, ora 11, la Casa de Cultur\u0103 \u201cGarabet Ibr\u0103ileanu\u201d din T\u00e2rgu Frumos,&#8230; <a class=\"meta-more\" href=\"https:\/\/infois.ro\/?p=8605\">more <span class=\"meta-nav\">&raquo;<\/span><\/a><\/p>\n","protected":false},"author":2,"featured_media":8606,"comment_status":"open","ping_status":"closed","sticky":false,"template":"","format":"standard","meta":{"footnotes":""},"categories":[1],"tags":[],"aioseo_notices":[],"_links":{"self":[{"href":"https:\/\/infois.ro\/index.php?rest_route=\/wp\/v2\/posts\/8605"}],"collection":[{"href":"https:\/\/infois.ro\/index.php?rest_route=\/wp\/v2\/posts"}],"about":[{"href":"https:\/\/infois.ro\/index.php?rest_route=\/wp\/v2\/types\/post"}],"author":[{"embeddable":true,"href":"https:\/\/infois.ro\/index.php?rest_route=\/wp\/v2\/users\/2"}],"replies":[{"embeddable":true,"href":"https:\/\/infois.ro\/index.php?rest_route=%2Fwp%2Fv2%2Fcomments&post=8605"}],"version-history":[{"count":2,"href":"https:\/\/infois.ro\/index.php?rest_route=\/wp\/v2\/posts\/8605\/revisions"}],"predecessor-version":[{"id":8608,"href":"https:\/\/infois.ro\/index.php?rest_route=\/wp\/v2\/posts\/8605\/revisions\/8608"}],"wp:featuredmedia":[{"embeddable":true,"href":"https:\/\/infois.ro\/index.php?rest_route=\/wp\/v2\/media\/8606"}],"wp:attachment":[{"href":"https:\/\/infois.ro\/index.php?rest_route=%2Fwp%2Fv2%2Fmedia&parent=8605"}],"wp:term":[{"taxonomy":"category","embeddable":true,"href":"https:\/\/infois.ro\/index.php?rest_route=%2Fwp%2Fv2%2Fcategories&post=8605"},{"taxonomy":"post_tag","embeddable":true,"href":"https:\/\/infois.ro\/index.php?rest_route=%2Fwp%2Fv2%2Ftags&post=8605"}],"curies":[{"name":"wp","href":"https:\/\/api.w.org\/{rel}","templated":true}]}}