{"id":862,"date":"2012-07-04T12:00:13","date_gmt":"2012-07-04T09:00:13","guid":{"rendered":"http:\/\/infois.ro\/?p=862"},"modified":"2012-07-04T12:00:13","modified_gmt":"2012-07-04T09:00:13","slug":"consilierii-judeteni-au-aprobat-proiectul-de-constructie-a-unei-noi-piste-la-aeroportului-international-iasi","status":"publish","type":"post","link":"https:\/\/infois.ro\/?p=862","title":{"rendered":"Consilierii jude\u0163eni au aprobat proiectul de construc\u0163ie a unei noi piste la Aeroportului Interna\u0163ional Ia\u015fi"},"content":{"rendered":"<p style=\"text-align: justify;\"><a class=\"highslide\" onclick=\"return vz.expand(this)\" href=\"http:\/\/infois.ro\/wp-content\/uploads\/2012\/07\/aeroport-iasi.jpg\"><img loading=\"lazy\" decoding=\"async\" class=\"alignnone size-large wp-image-863\" title=\"aeroport iasi\" src=\"http:\/\/infois.ro\/wp-content\/uploads\/cache\/2012\/07\/aeroport-iasi\/3425335321.jpg\" alt=\"\" width=\"1024\" height=\"767\" \/><\/a><\/p>\n<p style=\"text-align: justify;\">\u00centruni\u0163i mar\u0163i, 3 iulie, \u00een \u015fedin\u0163\u0103 extraordinar\u0103, consilierii jude\u0163eni au aprobat, cu unanimitate de voturi, proiectul de dezvoltare \u015fi modernizare a Aeroportului Interna\u0163ional Ia\u015fi, \u00een valoare de 40 de milioane de euro, f\u0103r\u0103 TVA. Potrivit studiului de oportunitate, prezentat de firma Ecoterra SRL Bucure\u015fti, proiectul de modernizare a Aeroportului Interna\u0163ional Ia\u015fi prevede construc\u0163ia unei piste noi, \u00een lungime de 2.400 de metri, din asfalt, de tip flexibil\u0103, similar\u0103 celei de la Aeroportul din Frankfurt (Germania). Lucr\u0103rile urmeaz\u0103 s\u0103 includ\u0103, pe l\u00e2ng\u0103 construc\u0163ia propriu-zis\u0103 a pistei, realizarea unei parc\u0103ri pentru avioane, montarea unui sistem modern de balizaj, precum \u015fi realizarea unei canaliz\u0103ri noi \u015fi a unui drum perimetral care s\u0103 corespund\u0103 cerin\u0163elor actuale ale Uniunii Europene. Fondurile necesare pentru \u00eenceperea lucr\u0103rilor de modernizare a Aeroportului Interna\u0163ional Ia\u015fi, respectiv pentru demararea lucr\u0103rilor la noua pist\u0103 \u00een lungime de 2.400 de metri, vor fi asigurate, \u00een prima faz\u0103, de la bugetul Consiliului Jude\u0163ean (CJ) Ia\u015fi, urm\u00e2nd ca, ulterior, acestea s\u0103 fie suplimentate cu sume de la Guvern. \u201cAst\u0103zi am adoptat cea mai important\u0103 hot\u0103r\u00e2re pentru viitorul Aeroportului Interna\u0163ional Ia\u015fi, respectiv pentru viitorul jude\u0163ului Ia\u015fi. Cu unanimitate de voturi, Consiliul Jude\u0163ean Ia\u015fi a adoptat analiza cost-beneficiu pentru dezvoltarea \u015fi modernizarea Aeroportului Interna\u0163ional Ia\u015fi, respectiv construc\u0163ia unei noi piste, \u00een lungime de 2.400 de metri, a Aeroportului din Ia\u015fi. De acum \u00eenainte urmeaz\u0103 s\u0103 adopt\u0103m o Hot\u0103r\u00e2re a Consiliului Jude\u0163ean Ia\u015fi privind organizarea licita\u0163iilor de organizare \u015fi construc\u0163ie a noii piste, astfel \u00eenc\u00e2t pe Aeroportul Interna\u0163ional Ia\u015fi s\u0103 poat\u0103 ateriza avioane mediu courier de tip Boeing 737 sau Airbus 320. \u00cen ceea ce prive\u015fte detaliile tehnice, pot s\u0103 spun c\u0103 proiectul de construc\u0163ie a noii piste, \u00een lungime de 2.400 de metri, a fost evaluat la suma de 40 de milioane de euro, f\u0103r\u0103 TVA, respectiv primul modul. Pentru \u00eenceput, pentru a da drumul la toate procedurile legale, vom avea ca principal\u0103 surs\u0103 de finana\u0163are a acestui proiect bugetul Consiliului Jude\u0163ean Ia\u015fi, Odat\u0103, \u00eens\u0103, ce toate aceste proiecte au fost aprobate, voi prezenta primului ministru Victor Ponta sprijinul financiar pe care jude\u0163ul Ia\u015fi \u00eel merit\u0103 pentru reralizarea acestui obiecitv. Eu consider c\u0103, dac\u0103 CJ vine cu o contribu\u0163ie de 50% din proiect, atunci cealalt\u0103 jum\u0103tate ar putera veni din partea Guvernului Rom\u00e2niei\u201d, a declarat pre\u015fedintele Consiliului Jude\u0163ean (CJ ) Ia\u015fi, Cristian Adomni\u0163ei.<\/p>\n","protected":false},"excerpt":{"rendered":"<p>\u00centruni\u0163i mar\u0163i, 3 iulie, \u00een \u015fedin\u0163\u0103 extraordinar\u0103, consilierii jude\u0163eni au aprobat, cu unanimitate de voturi,&#8230; <a class=\"meta-more\" href=\"https:\/\/infois.ro\/?p=862\">more <span class=\"meta-nav\">&raquo;<\/span><\/a><\/p>\n","protected":false},"author":2,"featured_media":863,"comment_status":"open","ping_status":"open","sticky":false,"template":"","format":"standard","meta":{"footnotes":""},"categories":[1,41],"tags":[74,465,374],"aioseo_notices":[],"_links":{"self":[{"href":"https:\/\/infois.ro\/index.php?rest_route=\/wp\/v2\/posts\/862"}],"collection":[{"href":"https:\/\/infois.ro\/index.php?rest_route=\/wp\/v2\/posts"}],"about":[{"href":"https:\/\/infois.ro\/index.php?rest_route=\/wp\/v2\/types\/post"}],"author":[{"embeddable":true,"href":"https:\/\/infois.ro\/index.php?rest_route=\/wp\/v2\/users\/2"}],"replies":[{"embeddable":true,"href":"https:\/\/infois.ro\/index.php?rest_route=%2Fwp%2Fv2%2Fcomments&post=862"}],"version-history":[{"count":1,"href":"https:\/\/infois.ro\/index.php?rest_route=\/wp\/v2\/posts\/862\/revisions"}],"predecessor-version":[{"id":864,"href":"https:\/\/infois.ro\/index.php?rest_route=\/wp\/v2\/posts\/862\/revisions\/864"}],"wp:featuredmedia":[{"embeddable":true,"href":"https:\/\/infois.ro\/index.php?rest_route=\/wp\/v2\/media\/863"}],"wp:attachment":[{"href":"https:\/\/infois.ro\/index.php?rest_route=%2Fwp%2Fv2%2Fmedia&parent=862"}],"wp:term":[{"taxonomy":"category","embeddable":true,"href":"https:\/\/infois.ro\/index.php?rest_route=%2Fwp%2Fv2%2Fcategories&post=862"},{"taxonomy":"post_tag","embeddable":true,"href":"https:\/\/infois.ro\/index.php?rest_route=%2Fwp%2Fv2%2Ftags&post=862"}],"curies":[{"name":"wp","href":"https:\/\/api.w.org\/{rel}","templated":true}]}}