{"id":8674,"date":"2013-12-07T06:57:08","date_gmt":"2013-12-07T04:57:08","guid":{"rendered":"http:\/\/infois.ro\/?p=8674"},"modified":"2013-12-07T06:57:08","modified_gmt":"2013-12-07T04:57:08","slug":"actiuni-caritabile-organizate-in-luna-decembrie-de-primaria-municipiului-iasi","status":"publish","type":"post","link":"https:\/\/infois.ro\/?p=8674","title":{"rendered":"Ac\u021biuni caritabile, organizate \u00een luna decembrie de Prim\u0103ria municipiului Ia\u0219i"},"content":{"rendered":"<p style=\"text-align: justify;\"><a class=\"highslide\" onclick=\"return vz.expand(this)\" href=\"http:\/\/infois.ro\/wp-content\/uploads\/2013\/12\/doneaza-pentru-un-zambet.jpg\"><img loading=\"lazy\" decoding=\"async\" class=\"alignleft size-large wp-image-8675\" title=\"doneaza pentru un zambet\" src=\"http:\/\/infois.ro\/wp-content\/uploads\/cache\/2013\/12\/doneaza-pentru-un-zambet\/4161609617.jpg\" alt=\"\" width=\"640\" height=\"545\" \/><\/a><\/p>\n<p style=\"text-align: justify;\">\u00cen luna decembrie, Prim\u0103ria municipiului Ia\u0219i a declan\u0219at cea de-a doua edi\u021bie a ac\u021biunii \u201dDoneaz\u0103 pentru un z\u00e2mbet\u201d, eveniment destinat persoanelor singure, v\u00e2rstnice, precum \u015fi familiilor vulnerabile din punct de vedere social. Campania mizeaz\u0103 pe spiritul de solidaritate al ie\u015fenilor, care sunt a\u015ftepta\u0163i s\u0103 doneze alimente neperisabile \u0219i materiale de cur\u0103\u0163enie. Acestea vor fi colectate la Cantina de Ajutor Social din cadrul Prim\u0103riei Ia\u015fi, \u00een perioada 2-15 decembrie. Ulterior, ajutoarele vor fi distribuite c\u0103tre familiile aflate \u00een situa\u0163ie de risc. O alt\u0103 ac\u021biune umanitar\u0103, declan\u0219at\u0103 de Prim\u0103rie este cea intitulat\u0103 \u201d\u015ei tu po\u0163i fi Mo\u015f Cr\u0103ciun\u201d, aflat\u0103 \u00een acest an la cea de-a treia edi\u021bie. Campania se desf\u0103\u015foar\u0103 p\u00e2n\u0103 pe 15 decembrie \u015fi se adreseaz\u0103 copiilor proveni\u0163i din familii vulnerabile aflate \u00een monitorizarea Direc\u0163iei de Asisten\u0163\u0103 Comunitar\u0103. Oricine se poate implica \u00een campanie \u015fi orice dona\u0163ie este binevenit\u0103. Ie\u015fenii pot dona juc\u0103rii, dulciuri, \u00eembr\u0103c\u0103minte, rechizite, alimente neperisabile. Pachetele pot fi aduse la centrele de cartier ale Prim\u0103riei p\u00e2n\u0103 pe 15 decembrie. Ac\u0163iunea are ca obiectiv str\u00e2ngerea de dona\u0163ii pentru un num\u0103r de 500 de copii.<\/p>\n","protected":false},"excerpt":{"rendered":"<p>\u00cen luna decembrie, Prim\u0103ria municipiului Ia\u0219i a declan\u0219at cea de-a doua edi\u021bie a ac\u021biunii \u201dDoneaz\u0103&#8230; <a class=\"meta-more\" href=\"https:\/\/infois.ro\/?p=8674\">more <span class=\"meta-nav\">&raquo;<\/span><\/a><\/p>\n","protected":false},"author":2,"featured_media":8675,"comment_status":"open","ping_status":"closed","sticky":false,"template":"","format":"standard","meta":{"footnotes":""},"categories":[1],"tags":[3030,3742,1326,296],"aioseo_notices":[],"_links":{"self":[{"href":"https:\/\/infois.ro\/index.php?rest_route=\/wp\/v2\/posts\/8674"}],"collection":[{"href":"https:\/\/infois.ro\/index.php?rest_route=\/wp\/v2\/posts"}],"about":[{"href":"https:\/\/infois.ro\/index.php?rest_route=\/wp\/v2\/types\/post"}],"author":[{"embeddable":true,"href":"https:\/\/infois.ro\/index.php?rest_route=\/wp\/v2\/users\/2"}],"replies":[{"embeddable":true,"href":"https:\/\/infois.ro\/index.php?rest_route=%2Fwp%2Fv2%2Fcomments&post=8674"}],"version-history":[{"count":1,"href":"https:\/\/infois.ro\/index.php?rest_route=\/wp\/v2\/posts\/8674\/revisions"}],"predecessor-version":[{"id":8676,"href":"https:\/\/infois.ro\/index.php?rest_route=\/wp\/v2\/posts\/8674\/revisions\/8676"}],"wp:featuredmedia":[{"embeddable":true,"href":"https:\/\/infois.ro\/index.php?rest_route=\/wp\/v2\/media\/8675"}],"wp:attachment":[{"href":"https:\/\/infois.ro\/index.php?rest_route=%2Fwp%2Fv2%2Fmedia&parent=8674"}],"wp:term":[{"taxonomy":"category","embeddable":true,"href":"https:\/\/infois.ro\/index.php?rest_route=%2Fwp%2Fv2%2Fcategories&post=8674"},{"taxonomy":"post_tag","embeddable":true,"href":"https:\/\/infois.ro\/index.php?rest_route=%2Fwp%2Fv2%2Ftags&post=8674"}],"curies":[{"name":"wp","href":"https:\/\/api.w.org\/{rel}","templated":true}]}}