{"id":8779,"date":"2013-12-12T13:11:04","date_gmt":"2013-12-12T11:11:04","guid":{"rendered":"http:\/\/infois.ro\/?p=8779"},"modified":"2013-12-12T13:11:04","modified_gmt":"2013-12-12T11:11:04","slug":"eveniment-caritabil-destinat-copiilor-din-centrele-de-plasament","status":"publish","type":"post","link":"https:\/\/infois.ro\/?p=8779","title":{"rendered":"Eveniment caritabil, destinat copiilor din centrele de plasament"},"content":{"rendered":"<p style=\"text-align: justify;\"><a class=\"highslide\" onclick=\"return vz.expand(this)\" href=\"http:\/\/infois.ro\/wp-content\/uploads\/2013\/12\/eveniment.jpg\"><img loading=\"lazy\" decoding=\"async\" class=\"alignleft size-large wp-image-8780\" title=\"eveniment\" src=\"http:\/\/infois.ro\/wp-content\/uploads\/cache\/2013\/12\/eveniment\/3042789066.jpg\" alt=\"\" width=\"600\" height=\"840\" \/><\/a><\/p>\n<p style=\"text-align: justify;\">Asocia\u021bia \u201dSperan\u021b\u0103 pentru \u00eengera\u0219i\u201d, \u00een parteneriat cu Direc\u021bia General\u0103 de Asisten\u021b\u0103 Social\u0103 \u0219i Protec\u021bia Copilului (DGASPC) Ia\u0219i, organizeaz\u0103 duminic\u0103, 15 decembrie, de la ora 17.00, \u00een Atrium de la Palas Mall evenimentul caritabil, intitulat &#8220;Fulgi de Speran\u021b\u0103&#8221;. Ac\u021biunea are ca scop str\u00e2ngerea de fonduri pentru amenajarea unui centru de activit\u0103\u021bi multifunc\u021bional \u00een cadrul Centrului de Primire a Copiilor \u00een Regim de Urgen\u021b\u0103 Ia\u0219i, precum \u0219i colectarea de juc\u0103rii \u0219i dulciuri ce vor fi oferite de Mo\u0219 Cr\u0103ciun copiilor din centrele de plasament din municipiul Ia\u0219i. \u201dInvita\u021bii vor fi r\u0103spl\u0103ti\u021bi cu cea mai dulce colind\u0103, c\u00e2ntat\u0103 de voluntarii asocia\u021biei noastre, \u00eempreun\u0103 cu 30 de copii talenta\u021bi din centrele de plasament, cu obiecte handmade realizate de \u00eengera\u0219ii no\u0219tri, de voluntarii \u0219i de arti\u0219tii ce ni le-au donat spre a sprijini copiii institu\u021bionaliza\u021bi. Ele vor putea fi achizi\u021bionate la t\u00e2rgul special amenajat cu ocazia acestui eveniment. Participarea la spectacol se face pe baz\u0103 de invita\u021bie, \u00een schimbul unei dona\u021bii de minim 20 de lei\u201d, se precizeaz\u0103 \u00eentr-un comunicat de pres\u0103 al Asocia\u021biei \u201dSperan\u021b\u0103 pentru \u00eengera\u0219i\u201d. Asocia\u0163ia, cu sediul social \u00een Iasi, Bulevardul Dacia nr.37 identificat\u0103 prin C.I.F. nr. 31520240, este o organiza\u0163ie non-profit, neguvernamenta\u0103 \u015fi apolitic\u0103, care a luat fiin\u021b\u0103 la ini\u021biativa unui grup de p\u0103rin\u021bi, care \u00ee\u015fi propune s\u0103 vin\u0103 \u00een \u00eent\u00e2mpinarea nevoilor copiilor f\u0103r\u0103 familie, afla\u0163i \u00een centrele de plasament de pe raza jude\u0163ului Ia\u015fi.\u00a0Proiectul este realizat \u00een timpul liber al voluntarilor, pro bono, asocia\u021bia neav\u00e2nd niciun angajat, totul baz\u00e2ndu-se pe voluntariat.<\/p>\n<p style=\"text-align: justify;\">\n","protected":false},"excerpt":{"rendered":"<p>Asocia\u021bia \u201dSperan\u021b\u0103 pentru \u00eengera\u0219i\u201d, \u00een parteneriat cu Direc\u021bia General\u0103 de Asisten\u021b\u0103 Social\u0103 \u0219i Protec\u021bia Copilului&#8230; <a class=\"meta-more\" href=\"https:\/\/infois.ro\/?p=8779\">more <span class=\"meta-nav\">&raquo;<\/span><\/a><\/p>\n","protected":false},"author":2,"featured_media":8780,"comment_status":"open","ping_status":"closed","sticky":false,"template":"","format":"standard","meta":{"footnotes":""},"categories":[32],"tags":[3783,2111,3782,3781,418],"aioseo_notices":[],"_links":{"self":[{"href":"https:\/\/infois.ro\/index.php?rest_route=\/wp\/v2\/posts\/8779"}],"collection":[{"href":"https:\/\/infois.ro\/index.php?rest_route=\/wp\/v2\/posts"}],"about":[{"href":"https:\/\/infois.ro\/index.php?rest_route=\/wp\/v2\/types\/post"}],"author":[{"embeddable":true,"href":"https:\/\/infois.ro\/index.php?rest_route=\/wp\/v2\/users\/2"}],"replies":[{"embeddable":true,"href":"https:\/\/infois.ro\/index.php?rest_route=%2Fwp%2Fv2%2Fcomments&post=8779"}],"version-history":[{"count":2,"href":"https:\/\/infois.ro\/index.php?rest_route=\/wp\/v2\/posts\/8779\/revisions"}],"predecessor-version":[{"id":8782,"href":"https:\/\/infois.ro\/index.php?rest_route=\/wp\/v2\/posts\/8779\/revisions\/8782"}],"wp:featuredmedia":[{"embeddable":true,"href":"https:\/\/infois.ro\/index.php?rest_route=\/wp\/v2\/media\/8780"}],"wp:attachment":[{"href":"https:\/\/infois.ro\/index.php?rest_route=%2Fwp%2Fv2%2Fmedia&parent=8779"}],"wp:term":[{"taxonomy":"category","embeddable":true,"href":"https:\/\/infois.ro\/index.php?rest_route=%2Fwp%2Fv2%2Fcategories&post=8779"},{"taxonomy":"post_tag","embeddable":true,"href":"https:\/\/infois.ro\/index.php?rest_route=%2Fwp%2Fv2%2Ftags&post=8779"}],"curies":[{"name":"wp","href":"https:\/\/api.w.org\/{rel}","templated":true}]}}