{"id":8865,"date":"2013-12-16T20:41:03","date_gmt":"2013-12-16T18:41:03","guid":{"rendered":"http:\/\/infois.ro\/?p=8865"},"modified":"2013-12-16T20:41:03","modified_gmt":"2013-12-16T18:41:03","slug":"colindatorii-au-luat-cu-asalt-primaria","status":"publish","type":"post","link":"https:\/\/infois.ro\/?p=8865","title":{"rendered":"Colind\u0103torii \u201dau luat cu asalt\u201d Prim\u0103ria"},"content":{"rendered":"<p style=\"text-align: justify;\"><a class=\"highslide\" onclick=\"return vz.expand(this)\" href=\"http:\/\/infois.ro\/wp-content\/uploads\/2013\/12\/colind-la-primarie.jpg\"><img loading=\"lazy\" decoding=\"async\" class=\"alignleft size-large wp-image-8866\" title=\"colind la primarie\" src=\"http:\/\/infois.ro\/wp-content\/uploads\/cache\/2013\/12\/colind-la-primarie\/2035413086.jpg\" alt=\"\" width=\"640\" height=\"727\" \/><\/a><\/p>\n<p style=\"text-align: justify;\">Nu mai pu\u0163in de 15 grupuri de colind\u0103tori, \u00een mare parte de la unit\u0103\u0163ile \u015fcolare din municipiul Ia\u015fi, au colindat p\u00e2n\u0103 acum \u00een Sala Mare a Prim\u0103riei. Cei mai mici colind\u0103tori au fost copiii de la Gr\u0103dini\u0163a nr. 1, de la grupa mic\u0103, \u00eens\u0103 printre cei care l-au colindat pe primarul Gheorghe Nichita \u0219i pe sfaff-ul municipalit\u0103\u021bii s-au num\u0103rat \u0219i studen\u0163ii de la Universitatea de Arte \u201cGeorge Enescu\u201d din Ia\u015fi. De asemenea, printre colind\u0103torii de la Palatul Roznovanu s-au num\u00eerat \u0219i elevii Colegiului Na\u0163ional de Art\u0103 \u201cOctav B\u0103ncil\u0103\u201d. \u00a0\u201cDe c\u00e2nd sunt primar, a devenit deja o tradi\u0163ie ca de la mijlocul lunii decembrie, Prim\u0103ria Municipiului Ia\u015fi s\u0103-\u015fi primeasc\u0103 colind\u0103torii. De la an la an, num\u0103rul colind\u0103torilor cre\u015fte constant, dar ce m\u0103 bucur\u0103 cel mai mult este c\u0103 marea majoritate a colind\u0103torilor sunt tineri, de la cei mai mici p\u00e2n\u0103 la studen\u0163i. Asta \u00eenseamn\u0103 c\u0103 tradi\u0163ia noastr\u0103 este pe m\u00e2ini bune \u015fi cred c\u0103 ace\u015fti tineri \u00eei bucur\u0103 pe ie\u015feni cu colindele lor\u201d, a declarat primarul Gheorghe Nichita. Printre momentele importante, care au avut loc la sf\u00e2r\u0219itul s\u0103pt\u0103m\u00e2nii trecute, pe pietonalul \u015etefan cel Mare, s-a num\u0103rat \u0219i cel \u00een care colind\u0103torii de la Monor (jude\u021bul \u00a0Bistri\u0163a N\u0103s\u0103ud) au prezentat pe scena spacil amenajat\u0103 \u00eentre Prim\u0103rie \u0219i Catedrala Mitropolitan\u0103, un spectacol foarte bine primit de c\u0103tre publicul ie\u0219ean. Momentul a adunat zeci de ie\u015feni care au ascultat \u00eenc\u00e2nta\u0163i colindele tradi\u0163ionale rom\u00e2ne\u015fti. \u201cCei de la Monor au venit la Ia\u015fi \u00een fiecare an. De data aceasta, am dorit ca acest moment s\u0103 se petreac\u0103 pe pietonal, pentru ca de acest spectacol s\u0103 se bucure \u015fi ie\u015fenii\u201d, a afirmat primarul Nichita<br \/>\nProgramul de colinde continu\u0103 \u015fi \u00een aceast\u0103 s\u0103pt\u0103m\u00e2n\u0103, \u00een fiecare zi fiind programate grupuri de colind\u0103tori la Palatul Roznovanu.<\/p>\n","protected":false},"excerpt":{"rendered":"<p>Nu mai pu\u0163in de 15 grupuri de colind\u0103tori, \u00een mare parte de la unit\u0103\u0163ile \u015fcolare&#8230; <a class=\"meta-more\" href=\"https:\/\/infois.ro\/?p=8865\">more <span class=\"meta-nav\">&raquo;<\/span><\/a><\/p>\n","protected":false},"author":2,"featured_media":8866,"comment_status":"open","ping_status":"closed","sticky":false,"template":"","format":"standard","meta":{"footnotes":""},"categories":[1],"tags":[3803,1381,296],"aioseo_notices":[],"_links":{"self":[{"href":"https:\/\/infois.ro\/index.php?rest_route=\/wp\/v2\/posts\/8865"}],"collection":[{"href":"https:\/\/infois.ro\/index.php?rest_route=\/wp\/v2\/posts"}],"about":[{"href":"https:\/\/infois.ro\/index.php?rest_route=\/wp\/v2\/types\/post"}],"author":[{"embeddable":true,"href":"https:\/\/infois.ro\/index.php?rest_route=\/wp\/v2\/users\/2"}],"replies":[{"embeddable":true,"href":"https:\/\/infois.ro\/index.php?rest_route=%2Fwp%2Fv2%2Fcomments&post=8865"}],"version-history":[{"count":1,"href":"https:\/\/infois.ro\/index.php?rest_route=\/wp\/v2\/posts\/8865\/revisions"}],"predecessor-version":[{"id":8867,"href":"https:\/\/infois.ro\/index.php?rest_route=\/wp\/v2\/posts\/8865\/revisions\/8867"}],"wp:featuredmedia":[{"embeddable":true,"href":"https:\/\/infois.ro\/index.php?rest_route=\/wp\/v2\/media\/8866"}],"wp:attachment":[{"href":"https:\/\/infois.ro\/index.php?rest_route=%2Fwp%2Fv2%2Fmedia&parent=8865"}],"wp:term":[{"taxonomy":"category","embeddable":true,"href":"https:\/\/infois.ro\/index.php?rest_route=%2Fwp%2Fv2%2Fcategories&post=8865"},{"taxonomy":"post_tag","embeddable":true,"href":"https:\/\/infois.ro\/index.php?rest_route=%2Fwp%2Fv2%2Ftags&post=8865"}],"curies":[{"name":"wp","href":"https:\/\/api.w.org\/{rel}","templated":true}]}}