{"id":8936,"date":"2013-12-19T08:53:20","date_gmt":"2013-12-19T06:53:20","guid":{"rendered":"http:\/\/infois.ro\/?p=8936"},"modified":"2013-12-19T11:55:04","modified_gmt":"2013-12-19T09:55:04","slug":"campanie-de-informare-si-prevenire-pentru-pasageri-lansata-de-aeroportul-iasi-impreuna-cu-politia-transporturi","status":"publish","type":"post","link":"https:\/\/infois.ro\/?p=8936","title":{"rendered":"Campanie de informare \u0219i prevenire pentru pasageri, lansat\u0103 de Aeroportul Ia\u0219i \u00eempreun\u0103 cu Poli\u021bia Transporturi"},"content":{"rendered":"<p style=\"text-align: justify;\"><a class=\"highslide\" onclick=\"return vz.expand(this)\" href=\"http:\/\/infois.ro\/wp-content\/uploads\/2013\/12\/aeroportul-iasi.jpg\"><img loading=\"lazy\" decoding=\"async\" class=\"alignleft size-large wp-image-8937\" title=\"aeroportul iasi\" src=\"http:\/\/infois.ro\/wp-content\/uploads\/cache\/2013\/12\/aeroportul-iasi\/658757463.jpg\" alt=\"\" width=\"600\" height=\"450\" \/><\/a><\/p>\n<p style=\"text-align: justify;\">Joi, 19 decembrie, \u00eencep\u00e2nd cu ora 10.00, la Terminalul 2 al Aeroportului Interna\u021bional Ia\u0219i \u00a0va avea loc lansarea companiei de prevenire a pierderilor, respectiv a furturilor de bagaje ale pasagerilor care tranziteaz\u0103 aerogara. La conferin\u021ba de\u00a0\u00a0lansare\u00a0\u00a0a campaniei, care se va derula pe parcursul a trei luni, respectiv p\u00e2n\u0103 \u00een luna februarie 2014, vor fi prezen\u021bi pre\u0219edintele Consiliului de Administra\u021bie al Aeroportului Ia\u0219i, Marius Bodea, \u0219eful\u00a0Sec\u021biei Regionale de Poli\u021bie Transporturi Ia\u0219i, comisar \u0219ef de poli\u021bie Gheorghe Basa, \u0219eful Biroului Jude\u021bean de Poli\u021bie Transporturi Ia\u0219i, comisar de poli\u021bie Tiberiu Chirc\u0103, coordonatorul Compartimentului de Analiz\u0103 \u0219i Prevenire a Criminalit\u0103\u021bii din cadrul Inspectoratului de Poli\u021bie Jude\u021bean Ia\u0219i,\u00a0comisar de poli\u021bie M\u0103d\u0103lin \u021a\u0103ranu,\u00a0 purt\u0103torul de cuv\u00e2nt al IPJ Ia\u0219i Anca V\u00c2jiac, \u0219i \u0219eful Postului de Poli\u021bie Transporturi Aeriene Ia\u0219i, agent \u0219ef principal de politie Sorin Buzdugan. \u201dAeroportul Ia\u0219i nu activeaz\u0103 ca institu\u021bie singular\u0103 \u00een rela\u021bia cu pasagerii ce tranziteaz\u0103 aerogara. Pentru bunul mers al activit\u0103\u021bii aeroportuare, colabor\u0103m cu operatorii aerieni, Direc\u021bia Vamal\u0103, Poli\u021bia de Frontier\u0103, Poli\u021bia Transporturi, Serviciul Rom\u00e2n de Informa\u021bii, Direc\u021bia Jude\u021bean\u0103 de Paz\u0103 \u0219i Protec\u021bie. C\u00e2teodat\u0103 mai pot ap\u0103rea confuzii, \u00eens\u0103 astfel de ac\u021biuni comune de informare ajut\u0103 publicul larg s\u0103 \u00een\u021beleag\u0103 mai bine \u0219i ce atribu\u021bii \u0219i responsabilit\u0103\u021bi are fiecare institu\u021bie\u201d,\u00a0a declarat\u00a0pre\u0219edintele Consiliului de Administra\u021bie al Aeroportului Ia\u0219i, Marius Bodea.<\/p>\n","protected":false},"excerpt":{"rendered":"<p>Joi, 19 decembrie, \u00eencep\u00e2nd cu ora 10.00, la Terminalul 2 al Aeroportului Interna\u021bional Ia\u0219i \u00a0va&#8230; <a class=\"meta-more\" href=\"https:\/\/infois.ro\/?p=8936\">more <span class=\"meta-nav\">&raquo;<\/span><\/a><\/p>\n","protected":false},"author":2,"featured_media":8937,"comment_status":"open","ping_status":"closed","sticky":false,"template":"","format":"standard","meta":{"footnotes":""},"categories":[6],"tags":[465,3515,3827,3828],"aioseo_notices":[],"_links":{"self":[{"href":"https:\/\/infois.ro\/index.php?rest_route=\/wp\/v2\/posts\/8936"}],"collection":[{"href":"https:\/\/infois.ro\/index.php?rest_route=\/wp\/v2\/posts"}],"about":[{"href":"https:\/\/infois.ro\/index.php?rest_route=\/wp\/v2\/types\/post"}],"author":[{"embeddable":true,"href":"https:\/\/infois.ro\/index.php?rest_route=\/wp\/v2\/users\/2"}],"replies":[{"embeddable":true,"href":"https:\/\/infois.ro\/index.php?rest_route=%2Fwp%2Fv2%2Fcomments&post=8936"}],"version-history":[{"count":1,"href":"https:\/\/infois.ro\/index.php?rest_route=\/wp\/v2\/posts\/8936\/revisions"}],"predecessor-version":[{"id":8938,"href":"https:\/\/infois.ro\/index.php?rest_route=\/wp\/v2\/posts\/8936\/revisions\/8938"}],"wp:featuredmedia":[{"embeddable":true,"href":"https:\/\/infois.ro\/index.php?rest_route=\/wp\/v2\/media\/8937"}],"wp:attachment":[{"href":"https:\/\/infois.ro\/index.php?rest_route=%2Fwp%2Fv2%2Fmedia&parent=8936"}],"wp:term":[{"taxonomy":"category","embeddable":true,"href":"https:\/\/infois.ro\/index.php?rest_route=%2Fwp%2Fv2%2Fcategories&post=8936"},{"taxonomy":"post_tag","embeddable":true,"href":"https:\/\/infois.ro\/index.php?rest_route=%2Fwp%2Fv2%2Ftags&post=8936"}],"curies":[{"name":"wp","href":"https:\/\/api.w.org\/{rel}","templated":true}]}}