{"id":8951,"date":"2013-12-19T20:53:37","date_gmt":"2013-12-19T18:53:37","guid":{"rendered":"http:\/\/infois.ro\/?p=8951"},"modified":"2013-12-19T20:54:00","modified_gmt":"2013-12-19T18:54:00","slug":"spectacol-al-filarmonicii-iasi-concurs-de-frumusete-pentru-copii-si-concert-lora-friends-la-palas-mall","status":"publish","type":"post","link":"https:\/\/infois.ro\/?p=8951","title":{"rendered":"Spectacol al Filarmonicii Ia\u0219i, concurs de frumuse\u021be pentru copii \u0219i concert Lora &#038; Friends, la Palas Mall"},"content":{"rendered":"<p style=\"text-align: justify;\"><a class=\"highslide\" onclick=\"return vz.expand(this)\" href=\"http:\/\/infois.ro\/wp-content\/uploads\/2013\/12\/Palas-Mall3.jpg\"><img loading=\"lazy\" decoding=\"async\" class=\"size-large wp-image-8952\" title=\"Palas Mall\" src=\"http:\/\/infois.ro\/wp-content\/uploads\/cache\/2013\/12\/Palas-Mall3\/1578657093.jpg\" alt=\"\" width=\"640\" height=\"427\" \/><\/a><\/p>\n<p style=\"text-align: justify;\">\u00cen weekend-ul premerg\u0103tor Cr\u0103ciunului, ie\u015fenii \u015fi nu numai sunt a\u015ftepta\u0163i la cump\u0103r\u0103turi \u00een ansamblul urbanistic Palas \u015fi s\u0103 se delecteze cu evenimentele deosebite preg\u0103tite: concert Lora &amp; Friends, concurs de frumuse\u0163e pentru prichindei, colinde, spectacol al Filarmonicii Ia\u015fi, t\u00e2rguri de cadouri \u015fi proiec\u0163ie 3D pe Palatul Culturii.<\/p>\n<p style=\"text-align: justify;\">Vineri, 20 decembrie, tradi\u0163ionalele c\u00e2ntece de iarn\u0103 vor r\u0103suna \u00een Atriumul Palas Mall, de la ora 13.00 \u015fi vor continua p\u00e2n\u0103 seara t\u00e2rziu. Printre cei care vor \u00eenc\u00e2nta audien\u0163a se num\u0103r\u0103 copiii de la Fanfara Rotaria \u015fi elevii Colegiului Na\u0163ional de Art\u0103 \u201eOctav B\u0103ncil\u0103\u201d. De la ora 18.00, cei mici sunt a\u015ftepta\u0163i la spectacolul \u201eLumea juc\u0103riilor de Cr\u0103ciun\u201d, cu personaje din pove\u015fti \u015fi cu Mo\u015f Cr\u0103ciun.<\/p>\n<p style=\"text-align: justify;\">Publicul este invitat s\u0103 asculte cele mai frumoase colinde \u015fi s\u00e2mb\u0103t\u0103, 21 decembrie, de la ora 12.00. Filarmonica de Stat \u201eMoldova\u201d Ia\u015fi a preg\u0103tit un concert de Cr\u0103ciun, ai c\u0103rui protagoni\u015fti vor fi Adrian Petrescu, dirijor \u015fi solist, Ciprian Ciotlo\u015f, la org\u0103, \u015fi grupul coral de copii de la Colegiul Na\u0163ional de Art\u0103 \u201eOctav B\u0103ncil\u0103\u201d. Spectacolul va avea loc \u00een Atriumul Palas Mall, de la ora 19.00.<\/p>\n<p style=\"text-align: justify;\">\u0218i \u00een aceast\u0103 duminic\u0103, cei mici vor avea parte de o \u00eent\u00e2lnire cu lumea fascinant\u0103 a pove\u015ftilor. Reprezenta\u0163ia de teatru cu p\u0103pu\u015fi va \u00eencepe la ora 11.00, la scena din Atrium.<\/p>\n<p style=\"text-align: justify;\">Tot \u00een ultima zi a s\u0103pt\u0103m\u00e2nii, de la ora 12.00, \u00een Atrium, cei mai frumo\u015fi \u015fi iste\u0163i prichindei se vor \u00eentrece pentru titlul de \u201eMiss \u015fi Mister First Piticot\u201d. Evenimentul, organizat de FirstModels, este singurul concurs de frumuse\u0163e din \u0163ar\u0103 dedicat celor mici, competi\u0163ie la care pot participa copii cu v\u00e2rsta cuprins\u0103 \u00eentre 3 \u015fi 12 ani.<\/p>\n<p style=\"text-align: justify;\">De la ora 14.00 este programat spectacolul \u201eCr\u0103ciun de Poveste\u201d, cu dansuri, reprezenta\u0163ii de balet \u015fi multe colinde. Dou\u0103 ore mai t\u00e2rziu, \u201eLumea juc\u0103riilor de Cr\u0103ciun\u201d invadeaz\u0103 din nou Atriumul Palas Mall.<\/p>\n<p style=\"text-align: justify;\">Copii cu voci excep\u0163ionale, care s-au remarcat la emisiuni TV de descoperire de talente, vor urca pe scen\u0103, \u00een cadrul spectacolului \u201eCr\u0103ciunul Juc\u0103riilor\u201d, care va \u00eencepe la ora 18.00. Dya, Alexia Urtoi, Alexo, Theo Rose, Diana Vartolomei, Teodora Sava, Daria Bahrin, Denis Midone \u015fi Mara Paparau sunt cei care vor c\u00e2nta \u00een cadrul evenimentului, iar la final, Lora va sus\u0163ine un recital. Publicul este invitat s\u0103 doneze o juc\u0103rie sau o h\u0103inu\u0163\u0103 pentru copii, care vor ajunge la prichindei afla\u0163i \u00een situa\u0163ii speciale.<\/p>\n<p style=\"text-align: justify;\">Prichindeii se pot \u00eent\u00e2lni cu Mo\u015f Cr\u0103ciun \u00een fiecare dup\u0103-amiaz\u0103 la Palas Mall, p\u00e2n\u0103 pe 22 decembrie 2013 inclusiv. Simpaticul b\u0103tr\u00e2nel va fi prezent \u00een intervalul orar 17.00 \u2013 21.00, la jil\u0163ul de la bradul din Atrium.<\/p>\n<p style=\"text-align: justify;\">P\u00e2n\u0103 luni, 23 decembrie inclusiv, \u00een zona Hervis Sports din Palas Mall va avea loc T\u00e2rgul Cadourilor Handmade. Daruri la fel de speciale mai pot fi g\u0103site la Atelierul Artistului, de la etajul \u00eent\u00e2i al Atriumului.<\/p>\n<p style=\"text-align: justify;\">Vizitatorii ansamblului Palas sunt invita\u0163i s\u0103 se bucure de spectacolul de lumin\u0103 \u015fi culoare oferit de proiec\u0163ia 3D pe Palatul Culturii \u201ePoveste de Cr\u0103ciun\u201d. P\u00e2n\u0103 pe 23 decembrie, impresionantul show 3D va rula \u00een fiecare sear\u0103, la \u00eenceputul fiec\u0103rei ore din intervalul 17.00 \u2013 22.00.<\/p>\n","protected":false},"excerpt":{"rendered":"<p>\u00cen weekend-ul premerg\u0103tor Cr\u0103ciunului, ie\u015fenii \u015fi nu numai sunt a\u015ftepta\u0163i la cump\u0103r\u0103turi \u00een ansamblul urbanistic&#8230; <a class=\"meta-more\" href=\"https:\/\/infois.ro\/?p=8951\">more <span class=\"meta-nav\">&raquo;<\/span><\/a><\/p>\n","protected":false},"author":2,"featured_media":8952,"comment_status":"open","ping_status":"closed","sticky":false,"template":"","format":"standard","meta":{"footnotes":""},"categories":[6,41],"tags":[74,3830,3831,1326,418],"aioseo_notices":[],"_links":{"self":[{"href":"https:\/\/infois.ro\/index.php?rest_route=\/wp\/v2\/posts\/8951"}],"collection":[{"href":"https:\/\/infois.ro\/index.php?rest_route=\/wp\/v2\/posts"}],"about":[{"href":"https:\/\/infois.ro\/index.php?rest_route=\/wp\/v2\/types\/post"}],"author":[{"embeddable":true,"href":"https:\/\/infois.ro\/index.php?rest_route=\/wp\/v2\/users\/2"}],"replies":[{"embeddable":true,"href":"https:\/\/infois.ro\/index.php?rest_route=%2Fwp%2Fv2%2Fcomments&post=8951"}],"version-history":[{"count":3,"href":"https:\/\/infois.ro\/index.php?rest_route=\/wp\/v2\/posts\/8951\/revisions"}],"predecessor-version":[{"id":8955,"href":"https:\/\/infois.ro\/index.php?rest_route=\/wp\/v2\/posts\/8951\/revisions\/8955"}],"wp:featuredmedia":[{"embeddable":true,"href":"https:\/\/infois.ro\/index.php?rest_route=\/wp\/v2\/media\/8952"}],"wp:attachment":[{"href":"https:\/\/infois.ro\/index.php?rest_route=%2Fwp%2Fv2%2Fmedia&parent=8951"}],"wp:term":[{"taxonomy":"category","embeddable":true,"href":"https:\/\/infois.ro\/index.php?rest_route=%2Fwp%2Fv2%2Fcategories&post=8951"},{"taxonomy":"post_tag","embeddable":true,"href":"https:\/\/infois.ro\/index.php?rest_route=%2Fwp%2Fv2%2Ftags&post=8951"}],"curies":[{"name":"wp","href":"https:\/\/api.w.org\/{rel}","templated":true}]}}