{"id":8973,"date":"2013-12-20T11:10:11","date_gmt":"2013-12-20T09:10:11","guid":{"rendered":"http:\/\/infois.ro\/?p=8973"},"modified":"2013-12-21T11:12:27","modified_gmt":"2013-12-21T09:12:27","slug":"un-nou-club-al-pensionarilor-inaugurat-la-iasi","status":"publish","type":"post","link":"https:\/\/infois.ro\/?p=8973","title":{"rendered":"Un nou \u201dClub al pensionarilor\u201d, inaugurat la Ia\u0219i"},"content":{"rendered":"<p style=\"text-align: justify;\"><a class=\"highslide\" onclick=\"return vz.expand(this)\" href=\"http:\/\/infois.ro\/wp-content\/uploads\/2013\/12\/club-pensionari-pd-ros.jpg\"><img loading=\"lazy\" decoding=\"async\" class=\"alignleft size-large wp-image-8974\" title=\"club pensionari pd ros\" src=\"http:\/\/infois.ro\/wp-content\/uploads\/cache\/2013\/12\/club-pensionari-pd-ros\/3742051793.jpg\" alt=\"\" width=\"640\" height=\"427\" \/><\/a><\/p>\n<p style=\"text-align: justify;\">\u00cen prezen\u021ba primarului Gheorghe Nichita, la sf\u00e2r\u0219itul s\u0103pt\u0103m\u00e2nii trecute a avut loc inaugurarea oficial\u0103 a celui mai nou \u201dClub al pensionarilor\u201d din municipiul Ia\u0219i. Acesta este situat pe Aleea Rozelor, \u00een cartierul Podu Ro\u015f, fiind cel de-al cincilea deschis p\u00e2n\u0103 \u00een prezent \u00een ora\u0219. La inaugurare, \u00een afara primarului Gheorghe Nichita, au fost prezen\u021bi viceprimarul Mihai Chirica, directorul Direc\u021biei de Asisten\u021b\u0103 Comunitart\u0103 Ia\u0219i, Lumini\u021ba Munteanu, dar \u015fi zeci de pensionari din cartierul Podu Ro\u0219. La fel ca \u0219i celelalte cluburi ale pensionarilor care-\u0219i desf\u0103\u0219oar\u0103 activitatea \u00een municipiu, \u0219i cel de pe Aleea Rozelor a fost amenajat de Prim\u0103rie \u00eentr-un fost punct termic dezafectat. \u00cen aceste centre, pensionarii pot organiza activit\u0103\u0163i de petrecere a timpului liber. Al\u0103turi de cluburile deja deschise \u00een P\u0103curari, Alexandru, T\u0103t\u0103ra\u015fi, \u015fefii Prim\u0103riei inten\u0163ioneaz\u0103, anul viitor, s\u0103 mai amenajeze \u015fi altele, \u00een diferite cartiere ale ora\u015fului.<\/p>\n","protected":false},"excerpt":{"rendered":"<p>\u00cen prezen\u021ba primarului Gheorghe Nichita, la sf\u00e2r\u0219itul s\u0103pt\u0103m\u00e2nii trecute a avut loc inaugurarea oficial\u0103 a&#8230; <a class=\"meta-more\" href=\"https:\/\/infois.ro\/?p=8973\">more <span class=\"meta-nav\">&raquo;<\/span><\/a><\/p>\n","protected":false},"author":2,"featured_media":8974,"comment_status":"open","ping_status":"closed","sticky":false,"template":"","format":"standard","meta":{"footnotes":""},"categories":[1],"tags":[3839,40,3841,3840],"aioseo_notices":[],"_links":{"self":[{"href":"https:\/\/infois.ro\/index.php?rest_route=\/wp\/v2\/posts\/8973"}],"collection":[{"href":"https:\/\/infois.ro\/index.php?rest_route=\/wp\/v2\/posts"}],"about":[{"href":"https:\/\/infois.ro\/index.php?rest_route=\/wp\/v2\/types\/post"}],"author":[{"embeddable":true,"href":"https:\/\/infois.ro\/index.php?rest_route=\/wp\/v2\/users\/2"}],"replies":[{"embeddable":true,"href":"https:\/\/infois.ro\/index.php?rest_route=%2Fwp%2Fv2%2Fcomments&post=8973"}],"version-history":[{"count":1,"href":"https:\/\/infois.ro\/index.php?rest_route=\/wp\/v2\/posts\/8973\/revisions"}],"predecessor-version":[{"id":8975,"href":"https:\/\/infois.ro\/index.php?rest_route=\/wp\/v2\/posts\/8973\/revisions\/8975"}],"wp:featuredmedia":[{"embeddable":true,"href":"https:\/\/infois.ro\/index.php?rest_route=\/wp\/v2\/media\/8974"}],"wp:attachment":[{"href":"https:\/\/infois.ro\/index.php?rest_route=%2Fwp%2Fv2%2Fmedia&parent=8973"}],"wp:term":[{"taxonomy":"category","embeddable":true,"href":"https:\/\/infois.ro\/index.php?rest_route=%2Fwp%2Fv2%2Fcategories&post=8973"},{"taxonomy":"post_tag","embeddable":true,"href":"https:\/\/infois.ro\/index.php?rest_route=%2Fwp%2Fv2%2Ftags&post=8973"}],"curies":[{"name":"wp","href":"https:\/\/api.w.org\/{rel}","templated":true}]}}