{"id":899,"date":"2012-07-05T16:39:20","date_gmt":"2012-07-05T13:39:20","guid":{"rendered":"http:\/\/infois.ro\/?p=899"},"modified":"2012-07-05T16:40:10","modified_gmt":"2012-07-05T13:40:10","slug":"serviciul-public-de-termoficare-a-municipiului-iasi-a-fost-concesionat-francezilor-de-la-dalkia","status":"publish","type":"post","link":"https:\/\/infois.ro\/?p=899","title":{"rendered":"Serviciul public de termoficare a municipiului Ia\u015fi a fost concesionat francezilor de la Dalkia"},"content":{"rendered":"<p style=\"text-align: justify;\"><a class=\"highslide\" onclick=\"return vz.expand(this)\" href=\"http:\/\/infois.ro\/wp-content\/uploads\/2012\/07\/cet.jpg\"><img loading=\"lazy\" decoding=\"async\" class=\"alignnone  wp-image-900\" title=\"cet\" src=\"http:\/\/infois.ro\/wp-content\/uploads\/cache\/2012\/07\/cet\/3417111312.jpg\" alt=\"\" width=\"400\" height=\"300\" \/><\/a><\/p>\n<p style=\"text-align: justify;\">\u00centruni\u0163i joi, 5 iulie, \u00een \u015fedin\u0163\u0103 extraordinar\u0103, consilierii locali ie\u015feni au aprobat, cu 21 de voturi pentru \u015fi numai trei \u00eempotriv\u0103, concesionarea pentru o perioad\u0103 de 20 de ani a serviciului public de termoficare a municipiului c\u0103tre firma francez\u0103 Dalkia. Proiectul de hot\u0103r\u00e2re privind aprobarea Raportului de evaluare a procedurii de negociere direct\u0103 pentru delegarea serviciului public de alimentare cu energie termic\u0103 (produc\u0163ie, transport, distribu\u0163ie \u015fi furnizare) a municipiului c\u0103tre operatorul privat francez a primit votul unanim al consilierilor USL, singurii care au votat \u00eempotriv\u0103 fiind cei trei consilieri ai PP-DD, care s-au ar\u0103tat nemul\u0163umi\u0163i de unele dintre clauzele prev\u0103zute \u00een contractul de negociere. Potrivit consilierului PP-DD Anca Preda, o parte dintre clauzele prev\u0103zute \u00een contract au fost redactate \u201c\u00een mod ambiguu\u201d, motiv pentru care acestea ar putea fi oric\u00e2nd atacate \u00een instan\u0163\u0103 de c\u0103tre cele dou\u0103 p\u0103r\u0163i semnatare. \u201cContractul de concesionare a serviciului public de termoficare, aprobat ast\u0103zi de c\u0103tre Consiliul Local Municipal \u00eenseamn\u0103, practic, o delegare a gestiunii acestui serviciu c\u0103tre firma Dalkia. Doresc s\u0103 subliniez c\u0103 acest lucru nu \u00eenseamn\u0103 privatizarea sau vinderea acestui serviciu c\u0103tre firma respctiv\u0103, ci doar delegarea managementului acestui serviciu. Firma Dalkia, c\u0103reia i-a fost delegat managementul serviciului public de termoficare a municipiului, va trebui s\u0103 fac\u0103, \u00een perioada urm\u0103toare, investi\u0163ii \u00een acest sector \u015fi s\u0103 gestioneze efectiv instala\u0163iile, s\u0103 furnizeze serviciul de termoficare c\u0103tre consumatori \u015fi s\u0103 \u00eencaseze facturile. Acest lucru va \u00eensemna costuri mai mici pentru producerea gigacaloriei. Sper\u0103m ca, \u00een continuare, aceste costuri care se realizeaz\u0103 la nivelul companiei Dalkia s\u0103 fie din ce \u00een ce mai mici. Firma respectiv\u0103 va trebui s\u0103 asigure combustibilul necesar petnru func\u0163ionarea serviciului de termoficare pentru iernile care vor veni. Sunt convins c\u0103 aceast\u0103 firm\u0103 va respecta toate clauzele prev\u0103zute \u00een contractul \u00eencheiat cu Prim\u0103ria, astfel \u00eenc\u00e2t popula\u0163ia ora\u015fului s\u0103 nu aib\u0103 de suferit\u201d, a declarat primarul Gheorghe Nichita.\u00a0 Potrivit \u015fefului municipalit\u0103\u0163ii, contractul de concesionare a serviciului public de termoficare c\u0103tre firma Dalkia urmeaz\u0103 s\u0103 fie semnat \u00een cursul zilei de vineri, 6 iulie, la Prim\u0103rie. Dalkia Rom\u00e2nia este o companie care activeaz\u0103 \u00een Rom\u00e2nia din 1992, av\u00e2nd deschise filiale \u00een jude\u0163ele Prahova (Ploie\u015fti \u015fi Brazi), Alba (Alba Iulia) \u015fi, respective, Tulcea (Tulcea). Compania este membr\u0103 a Veolia Environnement, firm\u0103 care s-a al\u0103turat EDF (Electricite de France), lider mondial \u00een ceea ce prive\u015fte electricitatea. \u00cen Rom\u00e2nia, francezii de la Dalkia produc cea mai ieftin\u0103 gigacalorie, de care beneficiaz\u0103 locuitorii ora\u015fului Ploie\u015fti (160 lei Gcal, f\u0103r\u0103 TVA). Ei asigur\u0103 caldura pentru 64.000 de apartamente \u00een cele trei jude\u0163e. La Ia\u015fi, Dalkia urmeaz\u0103 s\u0103 alimenteze cu energie termic\u0103 peste 55.000 de locuin\u0163e racordate la sistemul centralizat de termoficare.<\/p>\n","protected":false},"excerpt":{"rendered":"<p>\u00centruni\u0163i joi, 5 iulie, \u00een \u015fedin\u0163\u0103 extraordinar\u0103, consilierii locali ie\u015feni au aprobat, cu 21 de&#8230; <a class=\"meta-more\" href=\"https:\/\/infois.ro\/?p=899\">more <span class=\"meta-nav\">&raquo;<\/span><\/a><\/p>\n","protected":false},"author":2,"featured_media":900,"comment_status":"open","ping_status":"open","sticky":false,"template":"","format":"standard","meta":{"footnotes":""},"categories":[1,6,41],"tags":[74,495,494,493],"aioseo_notices":[],"_links":{"self":[{"href":"https:\/\/infois.ro\/index.php?rest_route=\/wp\/v2\/posts\/899"}],"collection":[{"href":"https:\/\/infois.ro\/index.php?rest_route=\/wp\/v2\/posts"}],"about":[{"href":"https:\/\/infois.ro\/index.php?rest_route=\/wp\/v2\/types\/post"}],"author":[{"embeddable":true,"href":"https:\/\/infois.ro\/index.php?rest_route=\/wp\/v2\/users\/2"}],"replies":[{"embeddable":true,"href":"https:\/\/infois.ro\/index.php?rest_route=%2Fwp%2Fv2%2Fcomments&post=899"}],"version-history":[{"count":2,"href":"https:\/\/infois.ro\/index.php?rest_route=\/wp\/v2\/posts\/899\/revisions"}],"predecessor-version":[{"id":902,"href":"https:\/\/infois.ro\/index.php?rest_route=\/wp\/v2\/posts\/899\/revisions\/902"}],"wp:featuredmedia":[{"embeddable":true,"href":"https:\/\/infois.ro\/index.php?rest_route=\/wp\/v2\/media\/900"}],"wp:attachment":[{"href":"https:\/\/infois.ro\/index.php?rest_route=%2Fwp%2Fv2%2Fmedia&parent=899"}],"wp:term":[{"taxonomy":"category","embeddable":true,"href":"https:\/\/infois.ro\/index.php?rest_route=%2Fwp%2Fv2%2Fcategories&post=899"},{"taxonomy":"post_tag","embeddable":true,"href":"https:\/\/infois.ro\/index.php?rest_route=%2Fwp%2Fv2%2Ftags&post=899"}],"curies":[{"name":"wp","href":"https:\/\/api.w.org\/{rel}","templated":true}]}}