{"id":8991,"date":"2013-12-23T16:56:19","date_gmt":"2013-12-23T14:56:19","guid":{"rendered":"http:\/\/infois.ro\/?p=8991"},"modified":"2013-12-23T16:56:19","modified_gmt":"2013-12-23T14:56:19","slug":"manifestari-organizate-la-iasi-cu-ocazia-aniversarii-a-24-de-ani-de-la-victoria-revolutiei-romane-din-decembrie-1989","status":"publish","type":"post","link":"https:\/\/infois.ro\/?p=8991","title":{"rendered":"Manifest\u0103ri organizate la Ia\u0219i cu ocazia anivers\u0103rii a 24 de ani de la Victoria Revolu\u021biei Rom\u00e2ne din Decembrie 1989"},"content":{"rendered":"<p style=\"text-align: justify;\"><a class=\"highslide\" onclick=\"return vz.expand(this)\" href=\"http:\/\/infois.ro\/wp-content\/uploads\/2013\/12\/comemorare-22-dec-2013.jpg\"><img loading=\"lazy\" decoding=\"async\" class=\"alignleft size-large wp-image-8992\" title=\"comemorare 22 dec 2013\" src=\"http:\/\/infois.ro\/wp-content\/uploads\/cache\/2013\/12\/comemorare-22-dec-2013\/2852040458.jpg\" alt=\"\" width=\"640\" height=\"429\" \/><\/a><\/p>\n<p style=\"text-align: justify;\">La aniversarea a 24 de ani de la Victoria Revolu\u021biei Rom\u00e2ne din Decembrie 1989, la \u201dCrucea Eroilor Neamului\u201d din Pia\u021ba Palatului Culturii din Ia\u0219i a avut loc duminic\u0103, 22 decembrie, un ceremonial militar \u0219i religios, \u00een memoria celor care \u0219i-au pierdut via\u021ba pentru libertate. Ceremonialul a inclus instalarea G\u0103rzii de onoare, intonarea Imnului de Stat al Rom\u00e2niei, oficierea serviciului religios, alocu\u021biunile autorit\u0103\u021bilor publice locale, depunerea de coroane de flori, iar, \u00een final, defilarea G\u0103rzii de onoare. \u00cen cuv\u00e2ntul s\u0103u, subprefectul jude\u021bului Ia\u0219i, Bogdan Ab\u0103la\u0219i, a declarat c\u0103 evenimentele din 22 Decembrie 1989 au reprezentat \u201dcertificatul de na\u0219tere\u201d al actualei societ\u0103\u021bi rom\u00e2ne\u0219ti. \u201dDin p\u0103cate, importan\u021ba revoltei populare din Decembrie 1989 pare s\u0103 fi p\u0103lit \u00een fa\u021ba problemelor cu care se confrunt\u0103, ast\u0103zi, societatea rom\u00e2neasc\u0103, \u00een ansamblul ei. Este, \u00eens\u0103, important, ca idealurile de atunci ale celor care \u0219i-au dat via\u021ba pentru libertate s\u0103 nu fie uitate de cei care, ast\u0103zi, conduc destinele \u021b\u0103rii\u201d, a spus Bogdan Ab\u0103la\u0219i. La r\u00e2ndul s\u0103u, viceprimarul Ia\u0219ilor, Mihai Chirica, a afirmat c\u0103 Revolu\u021bia din Decembrie 1989 a reprezentat \u201dun moment de glorie\u201d al poporului rom\u00e2n. \u201dNu toate idealurile pe care cei care atunci le-au proclamat au fost materializate, din p\u0103cate, acum, la aniversarea a 24 de ani de la evenimentele din acel Decembrie 1989, \u00eens\u0103 trebuie s\u0103 avem speran\u021ba c\u0103 ele vor fi puse \u00een practic\u0103, \u00een anii care vor urma\u201d, a men\u021bionat Mihai Chirica. Pre\u0219edintele Asocia\u021biei de Revolu\u021bionari \u201d22 Decembrie 1989\u201d Ia\u0219i, Anton Pro\u021b\u0103il\u0103, a evocat, \u00een cuv\u00e2ntul s\u0103u, eroismul de care au dat dovad\u0103 cei care, \u00een urm\u0103 cu 24 de ani, \u0219i-au dat via\u021ba pentru ca rom\u00e2nii s\u0103 tr\u0103iasc\u0103 ast\u0103zi liberi. \u201d\u00cen prim\u0103 instan\u021b\u0103, cei care s-au revoltat \u00een Decembrie 1989 \u00eempotriva regimului comunist al lui Nicoale Ceau\u0219escu au fost cataloga\u021bi de puterea de atunci ca fiind ni\u0219te huligani. Nu a trecut mult timp \u0219i cei care au \u00eenf\u0103ptuit Revolu\u021bia Rom\u00e2n\u0103 din Decembrie 1989 au fost numi\u021bi, ulterior, profitori de c\u0103tre cei care conduceau destinele \u021b\u0103rii. Vreau s\u0103 v\u0103 spun acum, la aniversarea a 24 de ani de la Revolu\u021bie, c\u0103 noi nu suntem nici huligani \u0219i nici profitori ai acelor evenimente, ci suntem \u0219i vom r\u0103m\u00e2ne revolu\u021bionari\u201d, a afirmat Anton Pro\u021b\u0103il\u0103. \u00cen \u00eencheierea ceremoniei desf\u0103\u0219urate la \u201dCrucea Eroilor Neamului\u201d din Pia\u021ba Palatului Culturii au fost depuse coroane de flori \u00een memoria celor c\u0103zu\u021bi la Revolu\u021bia din Decembrie 1989 de c\u0103tre Asocia\u021bia de Revolu\u021bionari \u201d22 Decembrie 1989\u201d Ia\u0219i, Asocia\u021bia \u201dCultul Eroilor\u201d Ia\u0219i, Institu\u021bia Prefectului Jude\u021bului Ia\u0219i, Consiliul Jude\u021bean Ia\u0219i, Prim\u0103ria municipiului Ia\u0219i \u0219i Organiza\u021bia Jude\u021bean\u0103 Ia\u0219i a PSD.<\/p>\n","protected":false},"excerpt":{"rendered":"<p>La aniversarea a 24 de ani de la Victoria Revolu\u021biei Rom\u00e2ne din Decembrie 1989, la&#8230; <a class=\"meta-more\" href=\"https:\/\/infois.ro\/?p=8991\">more <span class=\"meta-nav\">&raquo;<\/span><\/a><\/p>\n","protected":false},"author":2,"featured_media":8992,"comment_status":"open","ping_status":"closed","sticky":false,"template":"","format":"standard","meta":{"footnotes":""},"categories":[1,41],"tags":[3852,74,1467,40,3814],"aioseo_notices":[],"_links":{"self":[{"href":"https:\/\/infois.ro\/index.php?rest_route=\/wp\/v2\/posts\/8991"}],"collection":[{"href":"https:\/\/infois.ro\/index.php?rest_route=\/wp\/v2\/posts"}],"about":[{"href":"https:\/\/infois.ro\/index.php?rest_route=\/wp\/v2\/types\/post"}],"author":[{"embeddable":true,"href":"https:\/\/infois.ro\/index.php?rest_route=\/wp\/v2\/users\/2"}],"replies":[{"embeddable":true,"href":"https:\/\/infois.ro\/index.php?rest_route=%2Fwp%2Fv2%2Fcomments&post=8991"}],"version-history":[{"count":1,"href":"https:\/\/infois.ro\/index.php?rest_route=\/wp\/v2\/posts\/8991\/revisions"}],"predecessor-version":[{"id":8993,"href":"https:\/\/infois.ro\/index.php?rest_route=\/wp\/v2\/posts\/8991\/revisions\/8993"}],"wp:featuredmedia":[{"embeddable":true,"href":"https:\/\/infois.ro\/index.php?rest_route=\/wp\/v2\/media\/8992"}],"wp:attachment":[{"href":"https:\/\/infois.ro\/index.php?rest_route=%2Fwp%2Fv2%2Fmedia&parent=8991"}],"wp:term":[{"taxonomy":"category","embeddable":true,"href":"https:\/\/infois.ro\/index.php?rest_route=%2Fwp%2Fv2%2Fcategories&post=8991"},{"taxonomy":"post_tag","embeddable":true,"href":"https:\/\/infois.ro\/index.php?rest_route=%2Fwp%2Fv2%2Ftags&post=8991"}],"curies":[{"name":"wp","href":"https:\/\/api.w.org\/{rel}","templated":true}]}}