{"id":9064,"date":"2014-01-08T10:23:58","date_gmt":"2014-01-08T08:23:58","guid":{"rendered":"http:\/\/infois.ro\/?p=9064"},"modified":"2014-01-08T10:23:58","modified_gmt":"2014-01-08T08:23:58","slug":"primaria-scoate-la-licitatie-noi-locuri-de-parcare","status":"publish","type":"post","link":"https:\/\/infois.ro\/?p=9064","title":{"rendered":"Prim\u0103ria scoate la licita\u021bie noi locuri de parcare"},"content":{"rendered":"<p style=\"text-align: justify;\"><a class=\"highslide\" onclick=\"return vz.expand(this)\" href=\"http:\/\/infois.ro\/wp-content\/uploads\/2014\/01\/parcari.jpg\"><img loading=\"lazy\" decoding=\"async\" class=\"alignleft size-large wp-image-9065\" title=\"parcari\" src=\"http:\/\/infois.ro\/wp-content\/uploads\/cache\/2014\/01\/parcari\/1246453962.jpg\" alt=\"\" width=\"600\" height=\"398\" \/><\/a><\/p>\n<p style=\"text-align: justify;\">Prim\u0103ria municipiului Ia\u0219i va scoate la licita\u021bie, s\u0103pt\u0103m\u00e2na viitoare, noi locuri de parcare \u00een ora\u0219, continu\u00e2nd, astfel, ac\u021biunea \u00eenceput\u0103 \u00een luna decembrie a anului trecut, ocazie cu care au fost \u00eenchiriate spa\u021bii de acest fel \u00een mai multe cartiere, printre care T\u0103t\u0103ra\u0219i \u0219i Nicolina. Astfel, potrivit reprezentan\u021bilor municipalit\u0103\u021bii, luni, 13 ianuarie, de la ora 14.00, este programat\u0103 \u00eenchirierea unui num\u0103r de patru locuri de parcare situate \u00een strada Bucium nr. 19, pentru care vor avea drept de participare posesorii de autoturisme proprietate personal, care locuiesc \u00een blocurile B21, B22 \u015fi B23. Cea de-a doua licita\u0163ie va avea loc mar\u021bi, 14 ianuarie, c\u00e2nd urmeaz\u0103 s\u0103 fie scoase la licita\u021bie cinci locuri de parcare, situate \u00een strada Sarmisegetuza nr. 2A, imobilele cu drept de participare fiind blocurile D101, D102, D103, 260, 260A \u015fi 253. O alt\u0103 licita\u021bie este programat\u0103 pentru sf\u00e2r\u0219itul acestei luni, c\u00e2nd vor fi \u00eenchiriate 28 de locuri de parcare, situate \u00een strada Neptun, nr.14, imobilele cu drept de participare la licita\u0163ie fiind blocurile 768, 769, 770, 771, 772, 773A. Pre\u0163ul documenta\u0163iei de \u00eenscriere la licita\u021bie este de 10 lei\/loc, taxa de participare de 5 lei\/loc, iar garan\u0163ia de participare de 50 lei\/loc.<\/p>\n","protected":false},"excerpt":{"rendered":"<p>Prim\u0103ria municipiului Ia\u0219i va scoate la licita\u021bie, s\u0103pt\u0103m\u00e2na viitoare, noi locuri de parcare \u00een ora\u0219,&#8230; <a class=\"meta-more\" href=\"https:\/\/infois.ro\/?p=9064\">more <span class=\"meta-nav\">&raquo;<\/span><\/a><\/p>\n","protected":false},"author":2,"featured_media":9065,"comment_status":"open","ping_status":"closed","sticky":false,"template":"","format":"standard","meta":{"footnotes":""},"categories":[1],"tags":[846,2476,296],"aioseo_notices":[],"_links":{"self":[{"href":"https:\/\/infois.ro\/index.php?rest_route=\/wp\/v2\/posts\/9064"}],"collection":[{"href":"https:\/\/infois.ro\/index.php?rest_route=\/wp\/v2\/posts"}],"about":[{"href":"https:\/\/infois.ro\/index.php?rest_route=\/wp\/v2\/types\/post"}],"author":[{"embeddable":true,"href":"https:\/\/infois.ro\/index.php?rest_route=\/wp\/v2\/users\/2"}],"replies":[{"embeddable":true,"href":"https:\/\/infois.ro\/index.php?rest_route=%2Fwp%2Fv2%2Fcomments&post=9064"}],"version-history":[{"count":2,"href":"https:\/\/infois.ro\/index.php?rest_route=\/wp\/v2\/posts\/9064\/revisions"}],"predecessor-version":[{"id":9067,"href":"https:\/\/infois.ro\/index.php?rest_route=\/wp\/v2\/posts\/9064\/revisions\/9067"}],"wp:featuredmedia":[{"embeddable":true,"href":"https:\/\/infois.ro\/index.php?rest_route=\/wp\/v2\/media\/9065"}],"wp:attachment":[{"href":"https:\/\/infois.ro\/index.php?rest_route=%2Fwp%2Fv2%2Fmedia&parent=9064"}],"wp:term":[{"taxonomy":"category","embeddable":true,"href":"https:\/\/infois.ro\/index.php?rest_route=%2Fwp%2Fv2%2Fcategories&post=9064"},{"taxonomy":"post_tag","embeddable":true,"href":"https:\/\/infois.ro\/index.php?rest_route=%2Fwp%2Fv2%2Ftags&post=9064"}],"curies":[{"name":"wp","href":"https:\/\/api.w.org\/{rel}","templated":true}]}}