{"id":9140,"date":"2014-01-11T19:51:35","date_gmt":"2014-01-11T17:51:35","guid":{"rendered":"http:\/\/infois.ro\/?p=9140"},"modified":"2014-01-11T19:51:35","modified_gmt":"2014-01-11T17:51:35","slug":"primaria-anunta-noi-proiecte-de-investitii-in-acest-an","status":"publish","type":"post","link":"https:\/\/infois.ro\/?p=9140","title":{"rendered":"Prim\u0103ria anun\u021b\u0103 noi proiecte de investi\u021bii \u00een acest an"},"content":{"rendered":"<p style=\"text-align: justify;\"><a class=\"highslide\" onclick=\"return vz.expand(this)\" href=\"http:\/\/infois.ro\/wp-content\/uploads\/2014\/01\/reabilitare-piata-unirii.jpg\"><img loading=\"lazy\" decoding=\"async\" class=\"alignleft size-large wp-image-9141\" title=\"reabilitare piata unirii\" src=\"http:\/\/infois.ro\/wp-content\/uploads\/cache\/2014\/01\/reabilitare-piata-unirii\/3901799892.jpg\" alt=\"\" width=\"640\" height=\"427\" \/><\/a><\/p>\n<p style=\"text-align: justify;\">Conducerea Prim\u0103riei a anun\u021bat c\u0103, \u00een acest an, la Ia\u0219i vor fi demarate alte dou\u0103 importante proiecte de investi\u021bii, finan\u021bate cu bani europeni nerambursabili. Este vorba despre refacerea str\u0103zii L\u0103pu\u015fneanu, a pasajului Unirii \u015fi a Pie\u0163ei Unirii, pe tronsonul dintre hotelul cu acela\u015fi nume \u015fi bulevardul Independen\u0163ei \u0219i, respective, de refacerea \u015fi modernizarea bazei de tratament de la Plaja Nicolina, ambele lucr\u0103ri urm\u00e2nd s\u0103 fie finalziate \u00een 2015. Pentru a schimba \u00eenf\u0103\u0163i\u015farea str\u0103zii L\u0103pu\u015fneanu, celebra zon\u0103 de promenad\u0103 a Ia\u015fului, edilii au prev\u0103zut \u00een proiect schimbarea actualului paviment cu piatr\u0103 natural\u0103, crearea de mici scuaruri, \u00een timp ce designul mobilierului stradal, de la chio\u015fcuri de ziare \u0219i p\u00e2n\u0103 la co\u015furi de gunoi, va fi modificat, el urm\u00e2nd s\u0103 aib\u0103 conturul inspirat din cel din trecut. De asemenea, parcul Mitocul Maicilor, dintre bulevardul Independen\u0163ei \u015fi Muzeul Unirii, va fi redesenat complet, m\u0103rindu-se propor\u0163ia spa\u0163iului verde. \u00cen reamenajare va intra \u015fi esplanada pietonal\u0103 dintre Pia\u0163a Unirii \u015fi Independen\u0163ei unde, ca element de noutate, vor fi realizate \u015fi dou\u0103 f\u00e2nt\u00e2ni arteziene \u00een cascad\u0103. Refacerea estetic\u0103 \u015fi func\u0163ional\u0103 a zonei va\u00a0transforma arealul Pia\u0163a Unirii \u2013 bdul Independen\u0163ei \u2013 strada L\u0103pu\u015fneanu \u00eentr-un centru pietonal unitar. Potrivit proiectului, regenerarea urban\u0103 a acestei zone istorice se va desf\u0103\u015fura pe o suprafa\u0163\u0103 de 52.000 de metri p\u0103tra\u0163i. \u00cen acest plan este prins \u015fi pasajul subteran care face leg\u0103tura dintre Pia\u0163a Unirii \u015fi bulevardul \u015etefan cel Mare. \u201dNe intereseaz\u0103 foarte mult zona L\u0103pu\u015fneanu \u2013 Pia\u0163a Unirii, pentru c\u0103 este o zon\u0103 istoric\u0103 \u015fi de referin\u0163\u0103 pentru municipiul nostru. Lucr\u0103rile vor \u00eencepe anul acesta \u0219i vor fi terminate p\u00e2n\u0103 la sf\u00e2r\u015fitul lui 2015. Foarte important pentru noi este pasajul Unirii. \u00cencerc\u0103m s\u0103-i d\u0103m o alur\u0103 nu numai modern\u0103, dar c\u00e2t mai u\u015for de utilizat. Vor fi \u015fi elevatoare pentru persoanele cu handicap. \u015ei, bine\u00een\u0163eles, alt\u0103 abordare \u00een ceea ce prive\u015fte finisajele, re\u0163elele de evacuare a apelor pluviale, aspectul general al magazinelor de acolo \u015fi leg\u0103tura cu partea de suprafa\u0163\u0103, sc\u0103rile, totul se reface\u201d, a declarat viceprimarul Mihai Chirica. \u00cen ceea ce prive\u0219te modernizarea plajei Nicolina, lucr\u0103rile de construc\u0163ie \u015fi modernizare vor cuprinde o cl\u0103dire pentru agrement \u015fi tratament, o construc\u0163ie func\u0163ional\u0103, dou\u0103 bazine exterioare, amenajarea unei plaje pe nisip. Totodat\u0103, vor fi realizate alei pietonale, un gard de \u00eemprejmuire, spa\u0163ii verzi, dar va fi amenajat\u0103 \u015fi o parcare. Potrivit edililor, prin implementarea acestui proiect se va realiza o valorificare optim\u0103 a apelor sulfuroase existente \u00een zon\u0103, astfel planul propus fiind relevant pentru turismul balnear \u0219i turismul de week-end.\u00a0\u00centr-o etap\u0103 ulterioar\u0103 se vor executa \u015fi lucr\u0103ri de extindere a Spitalului de Recuperare, realizarea de s\u0103li de fitness, Spa \u015fi agrement. Totodat\u0103 sunt prev\u0103zute \u015fi lucr\u0103ri de infrastructur\u0103 \u00een zon\u0103, pentru facilitarea accesului la aceast\u0103 baz\u0103.<\/p>\n","protected":false},"excerpt":{"rendered":"<p>Conducerea Prim\u0103riei a anun\u021bat c\u0103, \u00een acest an, la Ia\u0219i vor fi demarate alte dou\u0103&#8230; <a class=\"meta-more\" href=\"https:\/\/infois.ro\/?p=9140\">more <span class=\"meta-nav\">&raquo;<\/span><\/a><\/p>\n","protected":false},"author":2,"featured_media":9141,"comment_status":"open","ping_status":"closed","sticky":false,"template":"","format":"standard","meta":{"footnotes":""},"categories":[1,41],"tags":[74,1553,2681,1583,550,296],"aioseo_notices":[],"_links":{"self":[{"href":"https:\/\/infois.ro\/index.php?rest_route=\/wp\/v2\/posts\/9140"}],"collection":[{"href":"https:\/\/infois.ro\/index.php?rest_route=\/wp\/v2\/posts"}],"about":[{"href":"https:\/\/infois.ro\/index.php?rest_route=\/wp\/v2\/types\/post"}],"author":[{"embeddable":true,"href":"https:\/\/infois.ro\/index.php?rest_route=\/wp\/v2\/users\/2"}],"replies":[{"embeddable":true,"href":"https:\/\/infois.ro\/index.php?rest_route=%2Fwp%2Fv2%2Fcomments&post=9140"}],"version-history":[{"count":1,"href":"https:\/\/infois.ro\/index.php?rest_route=\/wp\/v2\/posts\/9140\/revisions"}],"predecessor-version":[{"id":9142,"href":"https:\/\/infois.ro\/index.php?rest_route=\/wp\/v2\/posts\/9140\/revisions\/9142"}],"wp:featuredmedia":[{"embeddable":true,"href":"https:\/\/infois.ro\/index.php?rest_route=\/wp\/v2\/media\/9141"}],"wp:attachment":[{"href":"https:\/\/infois.ro\/index.php?rest_route=%2Fwp%2Fv2%2Fmedia&parent=9140"}],"wp:term":[{"taxonomy":"category","embeddable":true,"href":"https:\/\/infois.ro\/index.php?rest_route=%2Fwp%2Fv2%2Fcategories&post=9140"},{"taxonomy":"post_tag","embeddable":true,"href":"https:\/\/infois.ro\/index.php?rest_route=%2Fwp%2Fv2%2Ftags&post=9140"}],"curies":[{"name":"wp","href":"https:\/\/api.w.org\/{rel}","templated":true}]}}