{"id":9208,"date":"2014-01-16T17:34:51","date_gmt":"2014-01-16T15:34:51","guid":{"rendered":"http:\/\/infois.ro\/?p=9208"},"modified":"2014-01-16T17:35:15","modified_gmt":"2014-01-16T15:35:15","slug":"targ-de-antichitati-promotii-si-teatru-de-papusi-in-acest-week-end-la-palas","status":"publish","type":"post","link":"https:\/\/infois.ro\/?p=9208","title":{"rendered":"T\u00e2rg de antichit\u0103\u021bi, promo\u021bii \u0219i teatru de p\u0103pu\u0219i, \u00een acest week-end, la Palas"},"content":{"rendered":"<p style=\"text-align: justify;\"><a class=\"highslide\" onclick=\"return vz.expand(this)\" href=\"http:\/\/infois.ro\/wp-content\/uploads\/2014\/01\/Palas-Mall2.jpg\"><img loading=\"lazy\" decoding=\"async\" class=\"size-large wp-image-9209\" title=\"Palas Mall\" src=\"http:\/\/infois.ro\/wp-content\/uploads\/cache\/2014\/01\/Palas-Mall2\/3564647201.jpg\" alt=\"\" width=\"640\" height=\"427\" \/><\/a><\/p>\n<p style=\"text-align: justify;\">Palas Mall \u00eei invit\u0103 pe to\u0163i ie\u015fenii \u015fi nu numai s\u0103 petreac\u0103 un sf\u00e2r\u015fit de s\u0103pt\u0103m\u00e2n\u0103 relaxant, bucur\u00e2ndu-se de sesiunile de shopping, cu promo\u0163ii de p\u00e2n\u0103 la 70%, \u015fi de evenimentele speciale, dedicate lor. T\u00e2rg de obiecte cu patina timpului, concerte de pian \u015fi teatru de p\u0103pu\u015fi se afl\u0103 pe agenda \u00eendr\u0103gitei destina\u0163ii de cump\u0103r\u0103turi pentru urm\u0103toarele zile.<\/p>\n<p style=\"text-align: justify;\">De vineri p\u00e2n\u0103 duminic\u0103, 17 &#8211; 19 ianuarie 2014, Atriumul Palas Mall va g\u0103zdui prima edi\u0163ie din acest an a T\u00e2rgului de Art\u0103 \u015fi Antichit\u0103\u0163i. \u00cen cele trei zile, timpul va fi dat \u00eenapoi pentru a admira obiecte ancorate \u00een trecut, cu o valoare nepre\u0163uit\u0103. Colec\u0163ionari din toate col\u0163urile \u0163\u0103rii vor expune articole deosebite, \u00eenc\u0103rcate cu amintiri \u015fi pove\u015fti care abia a\u015fteapt\u0103 s\u0103 fie spuse: piese de mobilier, tablouri, statuete, bijuterii \u015fi argint\u0103rie, ceasuri de colec\u0163ie (de mas\u0103, de \u015femineu, de buzunar, de m\u00e2n\u0103), numismatic\u0103, filatelie, por\u0163elanuri \u015fi alte articole \u00eenv\u0103luite \u00een mister.<\/p>\n<p style=\"text-align: justify;\">Atmosfera nostalgic\u0103 va fi acompaniat\u0103, \u00een toate cele trei zile de desf\u0103\u015furare a t\u00e2rgului, \u00eentre orele 16.00 \u015fi 18.00, de cele mai \u00eendr\u0103gite refrene interpretate la pian.<\/p>\n<p style=\"text-align: justify;\">Duminic\u0103 este ziua dedicat\u0103 prichindeilor. De la ora 11.00 \u015fi de la ora 18.00, \u00een pia\u0163eta Intersport, cei mici vor avea prilejul de a se \u00eent\u00e2lni cu marionetele Teatrului de P\u0103pu\u015fi \u201eA\u015fchiu\u0163\u0103\u201d. Personajele din pove\u015ftile \u201eScufi\u0163a Ro\u015fie\u201d \u015fi \u201eAlb\u0103 ca Z\u0103pada\u201d le vor oferi n\u0103zdr\u0103vanilor un spectacol de neuitat.<\/p>\n<p style=\"text-align: justify;\">\u00cen plus, magazinele s-au preg\u0103tit cu discount-uri \u015fi mai mari, de p\u00e2n\u0103 la 70%, pentru colec\u0163iile de iarn\u0103. Pasiona\u0163ii de cump\u0103r\u0103turi \u00ee\u015fi vor re\u00eennoi garderoba cu piesele vestimentare mult dorite \u015fi cu articole la pre\u0163uri ispititoare.<\/p>\n","protected":false},"excerpt":{"rendered":"<p>Palas Mall \u00eei invit\u0103 pe to\u0163i ie\u015fenii \u015fi nu numai s\u0103 petreac\u0103 un sf\u00e2r\u015fit de&#8230; <a class=\"meta-more\" href=\"https:\/\/infois.ro\/?p=9208\">more <span class=\"meta-nav\">&raquo;<\/span><\/a><\/p>\n","protected":false},"author":2,"featured_media":9209,"comment_status":"open","ping_status":"closed","sticky":false,"template":"","format":"standard","meta":{"footnotes":""},"categories":[6,41],"tags":[74,100,490,687,2624,727],"aioseo_notices":[],"_links":{"self":[{"href":"https:\/\/infois.ro\/index.php?rest_route=\/wp\/v2\/posts\/9208"}],"collection":[{"href":"https:\/\/infois.ro\/index.php?rest_route=\/wp\/v2\/posts"}],"about":[{"href":"https:\/\/infois.ro\/index.php?rest_route=\/wp\/v2\/types\/post"}],"author":[{"embeddable":true,"href":"https:\/\/infois.ro\/index.php?rest_route=\/wp\/v2\/users\/2"}],"replies":[{"embeddable":true,"href":"https:\/\/infois.ro\/index.php?rest_route=%2Fwp%2Fv2%2Fcomments&post=9208"}],"version-history":[{"count":2,"href":"https:\/\/infois.ro\/index.php?rest_route=\/wp\/v2\/posts\/9208\/revisions"}],"predecessor-version":[{"id":9211,"href":"https:\/\/infois.ro\/index.php?rest_route=\/wp\/v2\/posts\/9208\/revisions\/9211"}],"wp:featuredmedia":[{"embeddable":true,"href":"https:\/\/infois.ro\/index.php?rest_route=\/wp\/v2\/media\/9209"}],"wp:attachment":[{"href":"https:\/\/infois.ro\/index.php?rest_route=%2Fwp%2Fv2%2Fmedia&parent=9208"}],"wp:term":[{"taxonomy":"category","embeddable":true,"href":"https:\/\/infois.ro\/index.php?rest_route=%2Fwp%2Fv2%2Fcategories&post=9208"},{"taxonomy":"post_tag","embeddable":true,"href":"https:\/\/infois.ro\/index.php?rest_route=%2Fwp%2Fv2%2Ftags&post=9208"}],"curies":[{"name":"wp","href":"https:\/\/api.w.org\/{rel}","templated":true}]}}