{"id":9686,"date":"2014-02-20T11:51:04","date_gmt":"2014-02-20T09:51:04","guid":{"rendered":"http:\/\/infois.ro\/?p=9686"},"modified":"2014-02-20T11:51:04","modified_gmt":"2014-02-20T09:51:04","slug":"alte-69-de-locuri-de-parcare-scoase-la-licitatie-de-primarie","status":"publish","type":"post","link":"https:\/\/infois.ro\/?p=9686","title":{"rendered":"Alte 69 de locuri de parcare, scoase la licita\u021bie de Prim\u0103rie"},"content":{"rendered":"<p style=\"text-align: justify;\"><a class=\"highslide\" onclick=\"return vz.expand(this)\" href=\"http:\/\/infois.ro\/wp-content\/uploads\/2014\/02\/parcare.jpg\"><img loading=\"lazy\" decoding=\"async\" class=\"alignleft size-large wp-image-9687\" title=\"parcare\" src=\"http:\/\/infois.ro\/wp-content\/uploads\/cache\/2014\/02\/parcare\/875348343.jpg\" alt=\"\" width=\"600\" height=\"480\" \/><\/a><\/p>\n<p style=\"text-align: justify;\">\u00cen perioada urm\u0103toare, Prim\u0103ria municipiului Ia\u0219i, prin intermediul Direc\u0163iei de Administrare a Patrimoniului Public \u015fi Privat (DAPPP), va scoate la licita\u021bie alte 69 de locuri de parcare de re\u0219edin\u021b\u0103 din ora\u0219, situate \u00een cartierele Nicolina, Dacia, Alexandru cel Bun, Tudor Vladimirescu \u015fi P\u0103curari. Cele mai multe locuri vor fi disponibile pe Aleea Tudor Neculai, \u00een aceast\u0103 zon\u0103 urm\u00e2nd s\u0103 fie scoase la licita\u0163ie nu mai pu\u021bin de 24 de spa\u0163ii. Dup\u0103 cum au afirmat reprezentan\u021bii municipalit\u0103\u021bii, noile parc\u0103ri de re\u015fedin\u0163\u0103 vor fi amenajate prin dezafectarea garajelor individuale \u015fi reconfigurarea spa\u0163iilor respective.\u00a0 Ace\u0219tia au anun\u021bat c\u0103 p\u00e2n\u0103 pe data de 14 martie vor mai fi scoase la licita\u0163ie locuri de parcare pe Aleea Rozelor, Aleea Sucidava, Canta, Bd. Alexandru cel Bun, \u0219i pe bd. Tudor Vladimirescu. \u00cen total, \u00een aceast\u0103 prim\u0103var\u0103, Prim\u0103ria va scoate la licita\u021bie un num\u0103r de 69 de locuri de parcare. Potrivit Hot\u0103r\u00e2rii Consiliului Local Municipal, locurile de parcare pot fi \u00eenchiriate de locatarii blocurilor aflate \u00een preajma acestora, dup\u0103 ce DAPPP le inventariaz\u0103 \u015fi le numeroteaz\u0103. Locatarii persoane fizice nu pot \u00eenchiria mai mult de un loc de parcare.\u00a0Pentru \u00eenscrierea la licita\u0163ie, locatarii trebuie s\u0103 depun\u0103 un dosar ce cuprinde copia actului de identitate a doritorului, copia actelor de proprietate sau \u00eenchiriere a locuin\u0163ei, copia actului de proprietate a autoturismului pentru care se dore\u015fte locul de parcare \u015fi certificatul de atestare fiscal\u0103 eliberat de DEFPL Ia\u015fi. Participantul la licita\u0163ie trebuie s\u0103 achite taxe totale de 65 lei ce cuprind garan\u0163ia de participare (50 lei), taxa de participare (5 lei) \u015fi pre\u0163ul documenta\u0163iei (10 lei pe loc de parcare).\u00a0Rela\u0163ii suplimentare privind procurarea documenta\u0163iei \u015fi condi\u0163iile de participare se pot ob\u0163ine de la sediul DAPPP din str. Sm\u00e2rdan nr. 5, cam. 9, parter, telefon 0232\/264.246 int. 22 sau 42. Reprezentan\u021bii Prim\u0103riei au precizat c\u0103, \u00een urm\u0103toarele trei s\u0103pt\u0103m\u00e2ni vor fi organizate mai multe licita\u0163ii. Astfel, pe data de 20 februarie vor fi \u00eenchiriate 13 locuri de parcare situate \u00een Al. T. Neculai, nr. 49, imobilele cu drept de participare la licita\u0163ie fiind blocurile 976, 967, 965. Pe 25 februarie, o nou\u0103 licita\u0163ie va fi organizat\u0103 pentru 11 locuri de parcare, situate \u00een Al. T. Neculai, nr. 153, imobilele cu drept de participare fiind\u00a0 blocurile 1017 \u015fi 1018. Pe 26 februarie va avea loc licita\u0163ia pentru \u00eenchirierea a dou\u0103 locuri de parcare \u00een Al. Decebal nr. 20, la care pot participa locatarii blocurilor U2, U3, U4 \u015fi B4. O zi mai t\u00e2rziu, respectiv pe 27 februarie, vor fi scoase opt locuri pe Aleea Rozelor 44. Licita\u0163iile lunii viitoare vor \u00eencepe pe data de 3 martie, cu cea pentru \u00eenchirierea a dou\u0103 locuri pe \u015fos. P\u0103curari nr. 35. Pe 4 martie vor fi licitate trei locuri din Al. Rozelor nr. 8. Alte \u0219ase locuri vor fi disponibile pe bdul \u015etefan cel Mare nr. 3 pe 6 martie, zi \u00een care sunt scoase la licita\u0163ie \u015fi dou\u0103 locuri \u00een Tudor Vladimirescu \u015fi \u00eenc\u0103 dou\u0103 \u00een Alexandru. Urmeaz\u0103, pe 10 martie, procedura pentru \u0219apte locuri pe strada Buridava nr. 10, iar pe 11 martie licita\u0163ia pentru cinci locuri \u00een T. Vladimirescu nr. 5. Patru locuri de parcare vor fi scoase pe 12 martie \u00een dou\u0103 amplasamente pe Al. Sucidava. Perioada vizat\u0103 se va \u00eencheia pe 13 martie cu licita\u0163ia pentru patru locuri \u00een strada Canta nr. 6.<\/p>\n","protected":false},"excerpt":{"rendered":"<p>\u00cen perioada urm\u0103toare, Prim\u0103ria municipiului Ia\u0219i, prin intermediul Direc\u0163iei de Administrare a Patrimoniului Public \u015fi&#8230; <a class=\"meta-more\" href=\"https:\/\/infois.ro\/?p=9686\">more <span class=\"meta-nav\">&raquo;<\/span><\/a><\/p>\n","protected":false},"author":2,"featured_media":9687,"comment_status":"open","ping_status":"closed","sticky":false,"template":"","format":"standard","meta":{"footnotes":""},"categories":[1,41],"tags":[74,40,846,1671,296],"aioseo_notices":[],"_links":{"self":[{"href":"https:\/\/infois.ro\/index.php?rest_route=\/wp\/v2\/posts\/9686"}],"collection":[{"href":"https:\/\/infois.ro\/index.php?rest_route=\/wp\/v2\/posts"}],"about":[{"href":"https:\/\/infois.ro\/index.php?rest_route=\/wp\/v2\/types\/post"}],"author":[{"embeddable":true,"href":"https:\/\/infois.ro\/index.php?rest_route=\/wp\/v2\/users\/2"}],"replies":[{"embeddable":true,"href":"https:\/\/infois.ro\/index.php?rest_route=%2Fwp%2Fv2%2Fcomments&post=9686"}],"version-history":[{"count":1,"href":"https:\/\/infois.ro\/index.php?rest_route=\/wp\/v2\/posts\/9686\/revisions"}],"predecessor-version":[{"id":9688,"href":"https:\/\/infois.ro\/index.php?rest_route=\/wp\/v2\/posts\/9686\/revisions\/9688"}],"wp:featuredmedia":[{"embeddable":true,"href":"https:\/\/infois.ro\/index.php?rest_route=\/wp\/v2\/media\/9687"}],"wp:attachment":[{"href":"https:\/\/infois.ro\/index.php?rest_route=%2Fwp%2Fv2%2Fmedia&parent=9686"}],"wp:term":[{"taxonomy":"category","embeddable":true,"href":"https:\/\/infois.ro\/index.php?rest_route=%2Fwp%2Fv2%2Fcategories&post=9686"},{"taxonomy":"post_tag","embeddable":true,"href":"https:\/\/infois.ro\/index.php?rest_route=%2Fwp%2Fv2%2Ftags&post=9686"}],"curies":[{"name":"wp","href":"https:\/\/api.w.org\/{rel}","templated":true}]}}