{"id":1290,"count":1,"description":"","link":"https:\/\/infois.ro\/?tag=saptamana-europeana-a-democratiei-locale","name":"S\u0103pt\u0103m\u00e2na Europeana a Democra\u0163iei Locale","slug":"saptamana-europeana-a-democratiei-locale","taxonomy":"post_tag","meta":[],"_links":{"self":[{"href":"https:\/\/infois.ro\/index.php?rest_route=\/wp\/v2\/tags\/1290"}],"collection":[{"href":"https:\/\/infois.ro\/index.php?rest_route=\/wp\/v2\/tags"}],"about":[{"href":"https:\/\/infois.ro\/index.php?rest_route=\/wp\/v2\/taxonomies\/post_tag"}],"wp:post_type":[{"href":"https:\/\/infois.ro\/index.php?rest_route=%2Fwp%2Fv2%2Fposts&tags=1290"}],"curies":[{"name":"wp","href":"https:\/\/api.w.org\/{rel}","templated":true}]}}